{"id":4219,"date":"2023-06-16T10:08:43","date_gmt":"2023-06-16T09:08:43","guid":{"rendered":"https:\/\/www.bonhommedebois.com\/blog\/?p=4219"},"modified":"2023-07-10T08:49:16","modified_gmt":"2023-07-10T07:49:16","slug":"interview-de-pauline-responsable-magasin-a-caen","status":"publish","type":"post","link":"https:\/\/www.bonhommedebois.com\/blog\/interview-de-pauline-responsable-magasin-a-caen\/","title":{"rendered":"Interview de Pauline, responsable magasin \u00e0 Caen"},"content":{"rendered":"<h1 style=\"text-align: center;\">Rencontre avec Pauline, responsable magasin \u00e0 Caen<\/h1>\n<p>&nbsp;<\/p>\n<p>Derri\u00e8re chaque magasin se cache une <strong>\u00e9quipe de passionn\u00e9s<\/strong>, toujours pr\u00eate \u00e0 vous accueillir et vous conseiller pour trouver <strong>LE jouet du moment<\/strong> !<\/p>\n<p>Aujourd\u2019hui, nous partons \u00e0 la rencontre de Pauline, notre<strong><a href=\"https:\/\/www.bonhommedebois.com\/bonhomme-de-bois-caen\"> responsable magasin \u00e0 Caen<\/a><\/strong>. Son \u00e9quipe vous conseille et vous guide pour <strong>trouver le meilleur jouet<\/strong> au bon moment pour chaque enfant.<\/p>\n<p>&nbsp;<\/p>\n<h2>Depuis combien de temps \u00eates-vous chez Bonhomme de Bois ?<\/h2>\n<p>Mon associ\u00e9e et moi avons ouvert notre magasin en novembre 2015. C\u2019est <strong>mon tout premier b\u00e9b\u00e9<\/strong>\u00a0!\u00a0\ud83d\ude0a<\/p>\n<p><img fetchpriority=\"high\" decoding=\"async\" class=\" wp-image-4247 aligncenter\" src=\"https:\/\/www.bonhommedebois.com\/blog\/wp-content\/uploads\/2023\/06\/Pauline-1-780x780.jpg\" alt=\"\" width=\"557\" height=\"557\" srcset=\"https:\/\/www.bonhommedebois.com\/blog\/wp-content\/uploads\/2023\/06\/Pauline-1-780x780.jpg 780w, https:\/\/www.bonhommedebois.com\/blog\/wp-content\/uploads\/2023\/06\/Pauline-1-1024x1024.jpg 1024w, https:\/\/www.bonhommedebois.com\/blog\/wp-content\/uploads\/2023\/06\/Pauline-1-150x150.jpg 150w, https:\/\/www.bonhommedebois.com\/blog\/wp-content\/uploads\/2023\/06\/Pauline-1-1536x1536.jpg 1536w, https:\/\/www.bonhommedebois.com\/blog\/wp-content\/uploads\/2023\/06\/Pauline-1-2048x2048.jpg 2048w, https:\/\/www.bonhommedebois.com\/blog\/wp-content\/uploads\/2023\/06\/Pauline-1-1600x1600.jpg 1600w\" sizes=\"(max-width: 557px) 100vw, 557px\" \/><\/p>\n<p>&nbsp;<\/p>\n<h2>Comment \u00eates-vous entr\u00e9e dans le monde magique des jouets ? \ud83d\ude0a<\/h2>\n<p>Je suis libraire de formation. Apr\u00e8s un apprentissage de 2 ans dans une librairie jeunesse, j\u2019ai trouv\u00e9 un emploi dans une grande boutique qui proposait des livres\u2026 et des <a href=\"https:\/\/www.bonhommedebois.com\/categories-jouets-enfant\"><strong>jouets\u00a0<\/strong><\/a>! C\u2019est comme \u00e7a que j\u2019ai atterri dans cet univers\u2026 et que je ne l\u2019ai plus jamais quitt\u00e9\u00a0!<\/p>\n<p>Quand la boutique dans laquelle je travaillais a ferm\u00e9, il \u00e9tait inenvisageable pour moi que l\u2019aventure s\u2019arr\u00eate l\u00e0\u00a0: <strong>c\u2019\u00e9tait le moment de se lancer<\/strong>. Un repr\u00e9sentant que je connaissais bien m\u2019a parl\u00e9 d\u2019une personne qui avait exactement le m\u00eame projet que moi\u00a0: c\u2019est de cette fa\u00e7on que j\u2019ai rencontr\u00e9 Anne-Christine ! Et nous voil\u00e0, <strong>toujours ensemble, 7 ans plus tard<\/strong>.\u00a0\ud83d\ude0a<\/p>\n<p>&nbsp;<\/p>\n<p><img decoding=\"async\" class=\"size-medium wp-image-4239 aligncenter\" src=\"https:\/\/www.bonhommedebois.com\/blog\/wp-content\/uploads\/2023\/06\/bonhomme-de-bois-caen-780x390.jpg\" alt=\"magasin de jouets bonhomme de bois \u00e0 caen\" width=\"780\" height=\"390\" srcset=\"https:\/\/www.bonhommedebois.com\/blog\/wp-content\/uploads\/2023\/06\/bonhomme-de-bois-caen-780x390.jpg 780w, https:\/\/www.bonhommedebois.com\/blog\/wp-content\/uploads\/2023\/06\/bonhomme-de-bois-caen-1024x512.jpg 1024w, https:\/\/www.bonhommedebois.com\/blog\/wp-content\/uploads\/2023\/06\/bonhomme-de-bois-caen-1536x768.jpg 1536w, https:\/\/www.bonhommedebois.com\/blog\/wp-content\/uploads\/2023\/06\/bonhomme-de-bois-caen-2048x1024.jpg 2048w, https:\/\/www.bonhommedebois.com\/blog\/wp-content\/uploads\/2023\/06\/bonhomme-de-bois-caen-1600x800.jpg 1600w\" sizes=\"(max-width: 780px) 100vw, 780px\" \/><\/p>\n<h2><\/h2>\n<h2>Bonhomme de Bois pour vous, c\u2019est quoi ?<\/h2>\n<p>Pour \u00eatre honn\u00eate, au d\u00e9part j\u2019\u00e9tais tr\u00e8s r\u00e9ticente \u00e0 l\u2019id\u00e9e d\u2019int\u00e9grer une franchise\u2026 Je craignais d\u2019\u00eatre brid\u00e9e, contrainte, trop dirig\u00e9e\u2026 Anne-Christine a su me convaincre, et elle a eu tellement raison\u00a0! Parce qu\u2019\u00e0 aucun moment je ne me suis sentie limit\u00e9e, bien au contraire. Pour moi, <strong>Bonhomme de Bois<\/strong> c\u2019est toute la <strong>force d\u2019un groupe<\/strong> sans ses inconv\u00e9nients. Des <strong>valeurs familiales<\/strong>, des <strong>articles de grande qualit\u00e9<\/strong>, une \u00e9quipe de personnes <strong>bienveillantes<\/strong> et atteintes de la m\u00eame <strong>folie douce que moi\u00a0<\/strong>!\u00a0\ud83d\ude0a<\/p>\n<p>&nbsp;<\/p>\n<h2>Ce que vous aimez le plus dans votre m\u00e9tier ? Votre motivation ?<\/h2>\n<p>Le<strong> contact avec les clients<\/strong>\u00a0! Je ne sais pas comment le dire autrement\u00a0: j\u2019aime les gens\u2026\u00a0\ud83d\ude0a Alors mon plaisir, c\u2019est de <strong>trouver le bon jouet<\/strong> pour le bon enfant, de <strong>conseiller<\/strong> et d\u2019accompagner autant que possible toutes les personnes qui passent notre porte.<\/p>\n<p>&nbsp;<\/p>\n<h2>Quel est votre marque ou votre produit coup de c\u0153ur ?<\/h2>\n<p>Ouh l\u00e0, c\u2019est une question difficile : il y en a tellement que j\u2019aime\u00a0! Allez, je vais faire un effort et n\u2019en choisir qu\u2019un seul\u2026 Le <strong>livre en tissu Bonsoir petit renard<\/strong> de <a href=\"https:\/\/www.bonhommedebois.com\/nos-marques\/lilliputiens.html\"><strong>Lilliputiens<\/strong><\/a>. Je l\u2019aime beaucoup parce qu\u2019il est <strong>interactif<\/strong>, <strong>\u00e9volutif<\/strong> et qu\u2019il permet de <strong>partager un vrai moment entre parent et enfant<\/strong><\/p>\n<p>&nbsp;<\/p>\n<p><a href=\"https:\/\/www.bonhommedebois.com\/livre-d-activites-bonsoir-petit-renard-lilliputiens.html\"><img decoding=\"async\" class=\"aligncenter wp-image-4223 size-medium\" src=\"https:\/\/www.bonhommedebois.com\/blog\/wp-content\/uploads\/2023\/06\/livre-eveil-bonsoir-petit-renard-lilliputiens-1-780x390.jpg\" alt=\"Livre d'activit\u00e9s en tissu Petit renard Lilliputiens \" width=\"780\" height=\"390\" srcset=\"https:\/\/www.bonhommedebois.com\/blog\/wp-content\/uploads\/2023\/06\/livre-eveil-bonsoir-petit-renard-lilliputiens-1-780x390.jpg 780w, https:\/\/www.bonhommedebois.com\/blog\/wp-content\/uploads\/2023\/06\/livre-eveil-bonsoir-petit-renard-lilliputiens-1-1024x512.jpg 1024w, https:\/\/www.bonhommedebois.com\/blog\/wp-content\/uploads\/2023\/06\/livre-eveil-bonsoir-petit-renard-lilliputiens-1-1536x768.jpg 1536w, https:\/\/www.bonhommedebois.com\/blog\/wp-content\/uploads\/2023\/06\/livre-eveil-bonsoir-petit-renard-lilliputiens-1-2048x1024.jpg 2048w, https:\/\/www.bonhommedebois.com\/blog\/wp-content\/uploads\/2023\/06\/livre-eveil-bonsoir-petit-renard-lilliputiens-1-1600x800.jpg 1600w\" sizes=\"(max-width: 780px) 100vw, 780px\" \/><\/a><\/p>\n<p>&nbsp;<\/p>\n<figure id=\"attachment_4222\" aria-describedby=\"caption-attachment-4222\" style=\"width: 780px\" class=\"wp-caption aligncenter\"><a href=\"https:\/\/www.bonhommedebois.com\/livre-d-activites-bonsoir-petit-renard-lilliputiens.html\"><img loading=\"lazy\" decoding=\"async\" class=\"wp-image-4222 size-medium\" src=\"https:\/\/www.bonhommedebois.com\/blog\/wp-content\/uploads\/2023\/06\/livre-eveil-bonsoir-petit-renard-lilliputiens-780x390.jpg\" alt=\"livre d'\u00e9veil en tissu renard de lilliputiens\" width=\"780\" height=\"390\" srcset=\"https:\/\/www.bonhommedebois.com\/blog\/wp-content\/uploads\/2023\/06\/livre-eveil-bonsoir-petit-renard-lilliputiens-780x390.jpg 780w, https:\/\/www.bonhommedebois.com\/blog\/wp-content\/uploads\/2023\/06\/livre-eveil-bonsoir-petit-renard-lilliputiens-1024x512.jpg 1024w, https:\/\/www.bonhommedebois.com\/blog\/wp-content\/uploads\/2023\/06\/livre-eveil-bonsoir-petit-renard-lilliputiens-1536x768.jpg 1536w, https:\/\/www.bonhommedebois.com\/blog\/wp-content\/uploads\/2023\/06\/livre-eveil-bonsoir-petit-renard-lilliputiens-2048x1024.jpg 2048w, https:\/\/www.bonhommedebois.com\/blog\/wp-content\/uploads\/2023\/06\/livre-eveil-bonsoir-petit-renard-lilliputiens-1600x800.jpg 1600w\" sizes=\"(max-width: 780px) 100vw, 780px\" \/><\/a><figcaption id=\"caption-attachment-4222\" class=\"wp-caption-text\">Livre d&rsquo;\u00e9veil Bonsoir petit renard &#8211; Lilliputiens<\/figcaption><\/figure>\n<h2><\/h2>\n<h2>Qu\u2019est-ce que le jeu repr\u00e9sente pour vous ?<\/h2>\n<p>Le <strong>jeu<\/strong>, c\u2019est toute <strong>mon enfance<\/strong>. Chez moi, on a toujours jou\u00e9, d\u2019aussi loin que je m\u2019en souvienne et m\u00eame avant cela ! Ma m\u00e8re adore me rappeler que toute petite, j\u2019\u00e9tais une l\u00e8ve t\u00f4t et qu\u2019avec mon p\u00e8re nous jouions aux <a href=\"https:\/\/www.bonhommedebois.com\/nos-univers-de-jouets\/jeux-educatifs-et-scientifiques\/memo-domino-loto.html\"><strong>dominos<\/strong> <\/a>d\u00e8s 6h du matin ! Je suis intimement convaincue que <strong>l\u2019on apprend \u00e9norm\u00e9ment par le jeu<\/strong>.<\/p>\n<p>&nbsp;<\/p>\n<h2>Comment imaginez-vous l\u2019avenir de Bonhomme de Bois ?<\/h2>\n<p>Je l\u2019imagine <strong>radieux\u00a0<\/strong>! Je sais que nous vivons une p\u00e9riode sociale difficile et que le climat ambiant est parfois pesant. Mais<strong> j\u2019ai confiance en l\u2019avenir<\/strong>\u00a0! <strong>Bonhomme de Bois<\/strong>, ce n\u2019est pas seulement un commerce\u00a0: c\u2019est un <strong>lieu de rencontre<\/strong>, <strong>d\u2019\u00e9change<\/strong> et de <strong>partage<\/strong>.<\/p>\n<p>&nbsp;<\/p>\n<p><img loading=\"lazy\" decoding=\"async\" class=\" wp-image-4227 aligncenter\" src=\"https:\/\/www.bonhommedebois.com\/blog\/wp-content\/uploads\/2023\/06\/avis-bonhomme-de-bois-caen-780x780.jpg\" alt=\"avis google magasin de jouets bonhomme de bois caen\" width=\"427\" height=\"427\" srcset=\"https:\/\/www.bonhommedebois.com\/blog\/wp-content\/uploads\/2023\/06\/avis-bonhomme-de-bois-caen-780x780.jpg 780w, https:\/\/www.bonhommedebois.com\/blog\/wp-content\/uploads\/2023\/06\/avis-bonhomme-de-bois-caen-1024x1024.jpg 1024w, https:\/\/www.bonhommedebois.com\/blog\/wp-content\/uploads\/2023\/06\/avis-bonhomme-de-bois-caen-150x150.jpg 150w, https:\/\/www.bonhommedebois.com\/blog\/wp-content\/uploads\/2023\/06\/avis-bonhomme-de-bois-caen.jpg 1500w\" sizes=\"(max-width: 427px) 100vw, 427px\" \/><\/p>\n<p>&nbsp;<\/p>\n<p>Si vous \u00eates d\u00e9j\u00e0 pass\u00e9s dans le <strong>magasin de Caen,<\/strong> n&rsquo;h\u00e9sitez pas \u00e0 y <strong><a href=\"https:\/\/www.google.fr\/search?q=bonhomme+de+bois+caen&amp;sxsrf=APwXEdexAMyZKUfqJ88ujH3dKMTYodUPrg%3A1686908397408&amp;source=hp&amp;ei=7S2MZPLqFp6ekdUPpPKD2Aw&amp;iflsig=AOEireoAAAAAZIw7_dt63G3WeiCACFfbD18_N7lKuIEM&amp;ved=0ahUKEwiyla2-v8f_AhUeT6QEHST5AMsQ4dUDCAk&amp;uact=5&amp;oq=bonhomme+de+bois+caen&amp;gs_lcp=Cgdnd3Mtd2l6EAMyBwgjEIoFECcyCwguEIAEEMcBEK8BMgYIABAWEB46BwgAEIoFEEM6EQguEIAEELEDEIMBEMcBENEDOgsIABCABBCxAxCDAToNCAAQgAQQsQMQgwEQCjoICAAQgAQQyQM6CwgAEIAEEJIDELgEOggIABCABBCSAzoQCC4QgAQQFBCHAhDHARCvAToECCMQJzoKCAAQigUQsQMQQzoNCAAQgAQQFBCHAhCxAzoKCC4QigUQ1AIQQzoICAAQgAQQsQM6CwguEK8BEMcBEIAEOgsIABCKBRCxAxCDAToFCAAQgAQ6CggAEIAEEBQQhwJQAFjhEGCiEmgAcAB4AIABkQGIAYcRkgEEMTMuOJgBAKABAQ&amp;sclient=gws-wiz#lrd=0x480a42bfd4ed82c9:0x5f8c49df03eff0f6,1,,,,\">laisser un avis<\/a><\/strong> ! Pauline et son \u00e9quipe seront ravies de vous lire. \ud83d\ude0a<\/p>\n<p>&nbsp;<\/p>\n","protected":false},"excerpt":{"rendered":"<p>Rencontre avec Pauline, responsable magasin \u00e0 Caen &nbsp; Derri\u00e8re chaque magasin se cache une \u00e9quipe de passionn\u00e9s, toujours pr\u00eate \u00e0 vous accueillir et vous conseiller pour trouver LE jouet du moment ! Aujourd\u2019hui, nous partons \u00e0 la rencontre de Pauline, notre responsable magasin \u00e0 Caen. Son \u00e9quipe vous conseille et vous guide pour trouver le &hellip;<\/p>\n","protected":false},"author":29,"featured_media":4221,"comment_status":"open","ping_status":"open","sticky":false,"template":"","format":"standard","meta":[],"categories":[44,38],"tags":[],"acf":[],"yoast_head":"<!-- This site is optimized with the Yoast SEO plugin v20.6 - https:\/\/yoast.com\/wordpress\/plugins\/seo\/ -->\n<title>Pauline, responsable magasin Bonhomme de Bois \u00e0 Caen - Blog<\/title>\n<meta name=\"description\" content=\"Interview de Pauline, responsable magasin Bonhomme de Bois \u00e0 Caen. Parce que derri\u00e8re chaque magasin se cache une \u00e9quipe passionn\u00e9e\" \/>\n<meta name=\"robots\" content=\"index, follow, max-snippet:-1, max-image-preview:large, max-video-preview:-1\" \/>\n<link rel=\"canonical\" href=\"https:\/\/www.bonhommedebois.com\/blog\/interview-de-pauline-responsable-magasin-a-caen\/\" \/>\n<meta property=\"og:locale\" content=\"fr_FR\" \/>\n<meta property=\"og:type\" content=\"article\" \/>\n<meta property=\"og:title\" content=\"Pauline, responsable magasin Bonhomme de Bois \u00e0 Caen - Blog\" \/>\n<meta property=\"og:description\" content=\"Interview de Pauline, responsable magasin Bonhomme de Bois \u00e0 Caen. Parce que derri\u00e8re chaque magasin se cache une \u00e9quipe passionn\u00e9e\" \/>\n<meta property=\"og:url\" content=\"https:\/\/www.bonhommedebois.com\/blog\/interview-de-pauline-responsable-magasin-a-caen\/\" \/>\n<meta property=\"og:site_name\" content=\"Le Blog de Bonhomme De Bois\" \/>\n<meta property=\"article:publisher\" content=\"https:\/\/www.facebook.com\/bonhommedeboisofficiel\" \/>\n<meta property=\"article:published_time\" content=\"2023-06-16T09:08:43+00:00\" \/>\n<meta property=\"article:modified_time\" content=\"2023-07-10T07:49:16+00:00\" \/>\n<meta property=\"og:image\" content=\"https:\/\/www.bonhommedebois.com\/blog\/wp-content\/uploads\/2023\/06\/banniere-caen-bdb.jpg\" \/>\n\t<meta property=\"og:image:width\" content=\"1900\" \/>\n\t<meta property=\"og:image:height\" content=\"470\" \/>\n\t<meta property=\"og:image:type\" content=\"image\/jpeg\" \/>\n<meta name=\"author\" content=\"Nolwenn J.\" \/>\n<meta name=\"twitter:label1\" content=\"\u00c9crit par\" \/>\n\t<meta name=\"twitter:data1\" content=\"Nolwenn J.\" \/>\n\t<meta name=\"twitter:label2\" content=\"Dur\u00e9e de lecture estim\u00e9e\" \/>\n\t<meta name=\"twitter:data2\" content=\"4 minutes\" \/>\n<script type=\"application\/ld+json\" class=\"yoast-schema-graph\">{\"@context\":\"https:\/\/schema.org\",\"@graph\":[{\"@type\":\"Article\",\"@id\":\"https:\/\/www.bonhommedebois.com\/blog\/interview-de-pauline-responsable-magasin-a-caen\/#article\",\"isPartOf\":{\"@id\":\"https:\/\/www.bonhommedebois.com\/blog\/interview-de-pauline-responsable-magasin-a-caen\/\"},\"author\":{\"name\":\"Nolwenn J.\",\"@id\":\"https:\/\/www.bonhommedebois.com\/blog\/#\/schema\/person\/246612216bd7704b0e31c834c0a7d749\"},\"headline\":\"Interview de Pauline, responsable magasin \u00e0 Caen\",\"datePublished\":\"2023-06-16T09:08:43+00:00\",\"dateModified\":\"2023-07-10T07:49:16+00:00\",\"mainEntityOfPage\":{\"@id\":\"https:\/\/www.bonhommedebois.com\/blog\/interview-de-pauline-responsable-magasin-a-caen\/\"},\"wordCount\":649,\"commentCount\":0,\"publisher\":{\"@id\":\"https:\/\/www.bonhommedebois.com\/blog\/#organization\"},\"articleSection\":[\"Interview\",\"S'informer\"],\"inLanguage\":\"fr-FR\",\"potentialAction\":[{\"@type\":\"CommentAction\",\"name\":\"Comment\",\"target\":[\"https:\/\/www.bonhommedebois.com\/blog\/interview-de-pauline-responsable-magasin-a-caen\/#respond\"]}]},{\"@type\":\"WebPage\",\"@id\":\"https:\/\/www.bonhommedebois.com\/blog\/interview-de-pauline-responsable-magasin-a-caen\/\",\"url\":\"https:\/\/www.bonhommedebois.com\/blog\/interview-de-pauline-responsable-magasin-a-caen\/\",\"name\":\"Pauline, responsable magasin Bonhomme de Bois \u00e0 Caen - Blog\",\"isPartOf\":{\"@id\":\"https:\/\/www.bonhommedebois.com\/blog\/#website\"},\"datePublished\":\"2023-06-16T09:08:43+00:00\",\"dateModified\":\"2023-07-10T07:49:16+00:00\",\"description\":\"Interview de Pauline, responsable magasin Bonhomme de Bois \u00e0 Caen. Parce que derri\u00e8re chaque magasin se cache une \u00e9quipe passionn\u00e9e\",\"breadcrumb\":{\"@id\":\"https:\/\/www.bonhommedebois.com\/blog\/interview-de-pauline-responsable-magasin-a-caen\/#breadcrumb\"},\"inLanguage\":\"fr-FR\",\"potentialAction\":[{\"@type\":\"ReadAction\",\"target\":[\"https:\/\/www.bonhommedebois.com\/blog\/interview-de-pauline-responsable-magasin-a-caen\/\"]}]},{\"@type\":\"BreadcrumbList\",\"@id\":\"https:\/\/www.bonhommedebois.com\/blog\/interview-de-pauline-responsable-magasin-a-caen\/#breadcrumb\",\"itemListElement\":[{\"@type\":\"ListItem\",\"position\":1,\"name\":\"Accueil\",\"item\":\"https:\/\/www.bonhommedebois.com\/blog\/\"},{\"@type\":\"ListItem\",\"position\":2,\"name\":\"Interview de Pauline, responsable magasin \u00e0 Caen\"}]},{\"@type\":\"WebSite\",\"@id\":\"https:\/\/www.bonhommedebois.com\/blog\/#website\",\"url\":\"https:\/\/www.bonhommedebois.com\/blog\/\",\"name\":\"Le Blog de Bonhomme De Bois\",\"description\":\"\",\"publisher\":{\"@id\":\"https:\/\/www.bonhommedebois.com\/blog\/#organization\"},\"potentialAction\":[{\"@type\":\"SearchAction\",\"target\":{\"@type\":\"EntryPoint\",\"urlTemplate\":\"https:\/\/www.bonhommedebois.com\/blog\/?s={search_term_string}\"},\"query-input\":\"required name=search_term_string\"}],\"inLanguage\":\"fr-FR\"},{\"@type\":\"Organization\",\"@id\":\"https:\/\/www.bonhommedebois.com\/blog\/#organization\",\"name\":\"Bonhomme De Bois\",\"url\":\"https:\/\/www.bonhommedebois.com\/blog\/\",\"logo\":{\"@type\":\"ImageObject\",\"inLanguage\":\"fr-FR\",\"@id\":\"https:\/\/www.bonhommedebois.com\/blog\/#\/schema\/logo\/image\/\",\"url\":\"https:\/\/www.bonhommedebois.com\/blog\/wp-content\/uploads\/2016\/01\/logo.png\",\"contentUrl\":\"https:\/\/www.bonhommedebois.com\/blog\/wp-content\/uploads\/2016\/01\/logo.png\",\"width\":297,\"height\":51,\"caption\":\"Bonhomme De Bois\"},\"image\":{\"@id\":\"https:\/\/www.bonhommedebois.com\/blog\/#\/schema\/logo\/image\/\"},\"sameAs\":[\"https:\/\/www.facebook.com\/bonhommedeboisofficiel\",\"https:\/\/www.instagram.com\/lebonhommedebois\/?hl=fr\",\"https:\/\/www.youtube.com\/channel\/UCYLCHRVlOsPRaCeGVzePJFQ\"]},{\"@type\":\"Person\",\"@id\":\"https:\/\/www.bonhommedebois.com\/blog\/#\/schema\/person\/246612216bd7704b0e31c834c0a7d749\",\"name\":\"Nolwenn J.\",\"image\":{\"@type\":\"ImageObject\",\"inLanguage\":\"fr-FR\",\"@id\":\"https:\/\/www.bonhommedebois.com\/blog\/#\/schema\/person\/image\/\",\"url\":\"https:\/\/www.bonhommedebois.com\/blog\/wp-content\/uploads\/2022\/03\/fille-noire.png\",\"contentUrl\":\"https:\/\/www.bonhommedebois.com\/blog\/wp-content\/uploads\/2022\/03\/fille-noire.png\",\"caption\":\"Nolwenn J.\"},\"url\":\"https:\/\/www.bonhommedebois.com\/blog\/author\/nolwenn-j\/\"}]}<\/script>\n<!-- \/ Yoast SEO plugin. -->","yoast_head_json":{"title":"Pauline, responsable magasin Bonhomme de Bois \u00e0 Caen - Blog","description":"Interview de Pauline, responsable magasin Bonhomme de Bois \u00e0 Caen. Parce que derri\u00e8re chaque magasin se cache une \u00e9quipe passionn\u00e9e","robots":{"index":"index","follow":"follow","max-snippet":"max-snippet:-1","max-image-preview":"max-image-preview:large","max-video-preview":"max-video-preview:-1"},"canonical":"https:\/\/www.bonhommedebois.com\/blog\/interview-de-pauline-responsable-magasin-a-caen\/","og_locale":"fr_FR","og_type":"article","og_title":"Pauline, responsable magasin Bonhomme de Bois \u00e0 Caen - Blog","og_description":"Interview de Pauline, responsable magasin Bonhomme de Bois \u00e0 Caen. Parce que derri\u00e8re chaque magasin se cache une \u00e9quipe passionn\u00e9e","og_url":"https:\/\/www.bonhommedebois.com\/blog\/interview-de-pauline-responsable-magasin-a-caen\/","og_site_name":"Le Blog de Bonhomme De Bois","article_publisher":"https:\/\/www.facebook.com\/bonhommedeboisofficiel","article_published_time":"2023-06-16T09:08:43+00:00","article_modified_time":"2023-07-10T07:49:16+00:00","og_image":[{"width":1900,"height":470,"url":"https:\/\/www.bonhommedebois.com\/blog\/wp-content\/uploads\/2023\/06\/banniere-caen-bdb.jpg","type":"image\/jpeg"}],"author":"Nolwenn J.","twitter_misc":{"\u00c9crit par":"Nolwenn J.","Dur\u00e9e de lecture estim\u00e9e":"4 minutes"},"schema":{"@context":"https:\/\/schema.org","@graph":[{"@type":"Article","@id":"https:\/\/www.bonhommedebois.com\/blog\/interview-de-pauline-responsable-magasin-a-caen\/#article","isPartOf":{"@id":"https:\/\/www.bonhommedebois.com\/blog\/interview-de-pauline-responsable-magasin-a-caen\/"},"author":{"name":"Nolwenn J.","@id":"https:\/\/www.bonhommedebois.com\/blog\/#\/schema\/person\/246612216bd7704b0e31c834c0a7d749"},"headline":"Interview de Pauline, responsable magasin \u00e0 Caen","datePublished":"2023-06-16T09:08:43+00:00","dateModified":"2023-07-10T07:49:16+00:00","mainEntityOfPage":{"@id":"https:\/\/www.bonhommedebois.com\/blog\/interview-de-pauline-responsable-magasin-a-caen\/"},"wordCount":649,"commentCount":0,"publisher":{"@id":"https:\/\/www.bonhommedebois.com\/blog\/#organization"},"articleSection":["Interview","S'informer"],"inLanguage":"fr-FR","potentialAction":[{"@type":"CommentAction","name":"Comment","target":["https:\/\/www.bonhommedebois.com\/blog\/interview-de-pauline-responsable-magasin-a-caen\/#respond"]}]},{"@type":"WebPage","@id":"https:\/\/www.bonhommedebois.com\/blog\/interview-de-pauline-responsable-magasin-a-caen\/","url":"https:\/\/www.bonhommedebois.com\/blog\/interview-de-pauline-responsable-magasin-a-caen\/","name":"Pauline, responsable magasin Bonhomme de Bois \u00e0 Caen - Blog","isPartOf":{"@id":"https:\/\/www.bonhommedebois.com\/blog\/#website"},"datePublished":"2023-06-16T09:08:43+00:00","dateModified":"2023-07-10T07:49:16+00:00","description":"Interview de Pauline, responsable magasin Bonhomme de Bois \u00e0 Caen. Parce que derri\u00e8re chaque magasin se cache une \u00e9quipe passionn\u00e9e","breadcrumb":{"@id":"https:\/\/www.bonhommedebois.com\/blog\/interview-de-pauline-responsable-magasin-a-caen\/#breadcrumb"},"inLanguage":"fr-FR","potentialAction":[{"@type":"ReadAction","target":["https:\/\/www.bonhommedebois.com\/blog\/interview-de-pauline-responsable-magasin-a-caen\/"]}]},{"@type":"BreadcrumbList","@id":"https:\/\/www.bonhommedebois.com\/blog\/interview-de-pauline-responsable-magasin-a-caen\/#breadcrumb","itemListElement":[{"@type":"ListItem","position":1,"name":"Accueil","item":"https:\/\/www.bonhommedebois.com\/blog\/"},{"@type":"ListItem","position":2,"name":"Interview de Pauline, responsable magasin \u00e0 Caen"}]},{"@type":"WebSite","@id":"https:\/\/www.bonhommedebois.com\/blog\/#website","url":"https:\/\/www.bonhommedebois.com\/blog\/","name":"Le Blog de Bonhomme De Bois","description":"","publisher":{"@id":"https:\/\/www.bonhommedebois.com\/blog\/#organization"},"potentialAction":[{"@type":"SearchAction","target":{"@type":"EntryPoint","urlTemplate":"https:\/\/www.bonhommedebois.com\/blog\/?s={search_term_string}"},"query-input":"required name=search_term_string"}],"inLanguage":"fr-FR"},{"@type":"Organization","@id":"https:\/\/www.bonhommedebois.com\/blog\/#organization","name":"Bonhomme De Bois","url":"https:\/\/www.bonhommedebois.com\/blog\/","logo":{"@type":"ImageObject","inLanguage":"fr-FR","@id":"https:\/\/www.bonhommedebois.com\/blog\/#\/schema\/logo\/image\/","url":"https:\/\/www.bonhommedebois.com\/blog\/wp-content\/uploads\/2016\/01\/logo.png","contentUrl":"https:\/\/www.bonhommedebois.com\/blog\/wp-content\/uploads\/2016\/01\/logo.png","width":297,"height":51,"caption":"Bonhomme De Bois"},"image":{"@id":"https:\/\/www.bonhommedebois.com\/blog\/#\/schema\/logo\/image\/"},"sameAs":["https:\/\/www.facebook.com\/bonhommedeboisofficiel","https:\/\/www.instagram.com\/lebonhommedebois\/?hl=fr","https:\/\/www.youtube.com\/channel\/UCYLCHRVlOsPRaCeGVzePJFQ"]},{"@type":"Person","@id":"https:\/\/www.bonhommedebois.com\/blog\/#\/schema\/person\/246612216bd7704b0e31c834c0a7d749","name":"Nolwenn J.","image":{"@type":"ImageObject","inLanguage":"fr-FR","@id":"https:\/\/www.bonhommedebois.com\/blog\/#\/schema\/person\/image\/","url":"https:\/\/www.bonhommedebois.com\/blog\/wp-content\/uploads\/2022\/03\/fille-noire.png","contentUrl":"https:\/\/www.bonhommedebois.com\/blog\/wp-content\/uploads\/2022\/03\/fille-noire.png","caption":"Nolwenn J."},"url":"https:\/\/www.bonhommedebois.com\/blog\/author\/nolwenn-j\/"}]}},"_links":{"self":[{"href":"https:\/\/www.bonhommedebois.com\/blog\/wp-json\/wp\/v2\/posts\/4219"}],"collection":[{"href":"https:\/\/www.bonhommedebois.com\/blog\/wp-json\/wp\/v2\/posts"}],"about":[{"href":"https:\/\/www.bonhommedebois.com\/blog\/wp-json\/wp\/v2\/types\/post"}],"author":[{"embeddable":true,"href":"https:\/\/www.bonhommedebois.com\/blog\/wp-json\/wp\/v2\/users\/29"}],"replies":[{"embeddable":true,"href":"https:\/\/www.bonhommedebois.com\/blog\/wp-json\/wp\/v2\/comments?post=4219"}],"version-history":[{"count":12,"href":"https:\/\/www.bonhommedebois.com\/blog\/wp-json\/wp\/v2\/posts\/4219\/revisions"}],"predecessor-version":[{"id":4235,"href":"https:\/\/www.bonhommedebois.com\/blog\/wp-json\/wp\/v2\/posts\/4219\/revisions\/4235"}],"wp:featuredmedia":[{"embeddable":true,"href":"https:\/\/www.bonhommedebois.com\/blog\/wp-json\/wp\/v2\/media\/4221"}],"wp:attachment":[{"href":"https:\/\/www.bonhommedebois.com\/blog\/wp-json\/wp\/v2\/media?parent=4219"}],"wp:term":[{"taxonomy":"category","embeddable":true,"href":"https:\/\/www.bonhommedebois.com\/blog\/wp-json\/wp\/v2\/categories?post=4219"},{"taxonomy":"post_tag","embeddable":true,"href":"https:\/\/www.bonhommedebois.com\/blog\/wp-json\/wp\/v2\/tags?post=4219"}],"curies":[{"name":"wp","href":"https:\/\/api.w.org\/{rel}","templated":true}]}}