{"id":3257,"date":"2021-06-21T15:39:44","date_gmt":"2021-06-21T14:39:44","guid":{"rendered":"https:\/\/www.bonhommedebois.com\/blog\/?p=3257"},"modified":"2022-03-30T16:02:00","modified_gmt":"2022-03-30T15:02:00","slug":"calendrier-magnetique-des-saisons-de-moulin-roty-avis-dexpert","status":"publish","type":"post","link":"https:\/\/www.bonhommedebois.com\/blog\/calendrier-magnetique-des-saisons-de-moulin-roty-avis-dexpert\/","title":{"rendered":"Calendrier magn\u00e9tique des saisons de Moulin Roty &#8211; Avis d&rsquo;expert"},"content":{"rendered":"<p>Ce produit s\u2019appelle le calendrier magn\u00e9tique des saisons de <a href=\"https:\/\/www.bonhommedebois.com\/nos-marques\/moulin-roty.html\">Moulin Roty<\/a>.<\/p>\n<p>J\u2019ai utilis\u00e9 ce produit au cabinet d\u2019ergoth\u00e9rapie. Avec 4 enfants de 4 ans \u00e0 9 ans afin de travailler le rep\u00e9rage dans le temps. Beaucoup de mes patients ont encore du mal \u00e0 se rep\u00e9rer dans le temps. Mat\u00e9rialiser la date \u00e0 l\u2019aide de cet outil, en d\u00e9but de s\u00e9ance, m\u2019a permis de leur donner un peu plus de sens. J\u2019ai pu \u00e9galement travailler sur l\u2019ordre des jours et des mois.<\/p>\n<p>&nbsp;<\/p>\n<p><img fetchpriority=\"high\" decoding=\"async\" class=\"aligncenter wp-image-3261\" src=\"https:\/\/www.bonhommedebois.com\/blog\/wp-content\/uploads\/2021\/05\/Calendrier_magnetique_des_saisons_Le_Jardin_du_Moulin_-_Moulin_Roty.jpg\" alt=\"photo du calendrier magn\u00e9tique des saisons de moulin roty\" width=\"400\" height=\"400\" srcset=\"https:\/\/www.bonhommedebois.com\/blog\/wp-content\/uploads\/2021\/05\/Calendrier_magnetique_des_saisons_Le_Jardin_du_Moulin_-_Moulin_Roty.jpg 1500w, https:\/\/www.bonhommedebois.com\/blog\/wp-content\/uploads\/2021\/05\/Calendrier_magnetique_des_saisons_Le_Jardin_du_Moulin_-_Moulin_Roty-150x150.jpg 150w, https:\/\/www.bonhommedebois.com\/blog\/wp-content\/uploads\/2021\/05\/Calendrier_magnetique_des_saisons_Le_Jardin_du_Moulin_-_Moulin_Roty-780x780.jpg 780w, https:\/\/www.bonhommedebois.com\/blog\/wp-content\/uploads\/2021\/05\/Calendrier_magnetique_des_saisons_Le_Jardin_du_Moulin_-_Moulin_Roty-1024x1024.jpg 1024w, https:\/\/www.bonhommedebois.com\/blog\/wp-content\/uploads\/2021\/05\/Calendrier_magnetique_des_saisons_Le_Jardin_du_Moulin_-_Moulin_Roty-425x425.jpg 425w\" sizes=\"(max-width: 400px) 100vw, 400px\" \/><\/p>\n<h2>Le calendrier magn\u00e9tique des saisons : un support qui pla\u00eet aux enfants<\/h2>\n<p>Tous sont unanimes, ils ont ador\u00e9 ce support et le trouvent tr\u00e8s beau. L\u2019int\u00e9r\u00eat pour les enfants est de visualiser la date et pouvoir se rep\u00e9rer dans le temps, \u00e9galement pouvoir se rep\u00e9rer dans les saisons.<\/p>\n<p>Ce support de temps est tr\u00e8s po\u00e9tique d\u2019un point de vue graphique. Les couleurs sont douces. La police d\u2019\u00e9criture est agr\u00e9able. Il est de bonne taille. Ce support est un support magn\u00e9tique, il est donc tr\u00e8s facile \u00e0 exploiter et \u00e0 r\u00e9utiliser.<\/p>\n<p>&nbsp;<\/p>\n<p><img decoding=\"async\" class=\"aligncenter size-full wp-image-3259\" src=\"https:\/\/www.bonhommedebois.com\/blog\/wp-content\/uploads\/2021\/05\/image003.jpg\" alt=\"calendrier des saison moulin roty\" width=\"500\" height=\"339\" \/><\/p>\n<p>&nbsp;<\/p>\n<h2>Un format adapt\u00e9 aux enfants d&rsquo;\u00e9coles maternelles et primaires<\/h2>\n<p>Il semble solide. La taille du jeu semble enti\u00e8rement conforme \u00e0 son utilisation. Il est bien pens\u00e9 et me semble adapt\u00e9 aux enfants de la maternelle et de la primaire.<\/p>\n<p>Beaucoup d\u2019enfants sont encore en difficult\u00e9s concernant le rep\u00e9rage dans le temps. Pouvoir illustrer la date, les saisons me semble pertinent. Donner du sens, mat\u00e9rialiser ce qu\u2019est la date, le temps qui passe est int\u00e9ressant et aide les enfants \u00e0 comprendre cette notion abstraite. Utiliser ce support, \u00e0 la maison, le matin au r\u00e9veil pour d\u00e9finir \u00ab Quel jour est il ? \u00bb peut aider l\u2019enfant \u00e0 se rep\u00e9rer.<\/p>\n<p>Avoir un support de rep\u00e8res dans le temps au cabinet est d\u2019un bon appui pour les accompagner dans cet apprentissage.<\/p>\n<p>&nbsp;<\/p>\n<p><img decoding=\"async\" class=\"aligncenter wp-image-3262\" src=\"https:\/\/www.bonhommedebois.com\/blog\/wp-content\/uploads\/2021\/05\/Calendrier_magnetique_des_saisons_Le_Jardin_du_Moulin_-_Moulin_Roty_2.jpg\" alt=\"enveloppes du calendrier magn\u00e9tique des saisons\" width=\"500\" height=\"384\" srcset=\"https:\/\/www.bonhommedebois.com\/blog\/wp-content\/uploads\/2021\/05\/Calendrier_magnetique_des_saisons_Le_Jardin_du_Moulin_-_Moulin_Roty_2.jpg 1500w, https:\/\/www.bonhommedebois.com\/blog\/wp-content\/uploads\/2021\/05\/Calendrier_magnetique_des_saisons_Le_Jardin_du_Moulin_-_Moulin_Roty_2-780x600.jpg 780w, https:\/\/www.bonhommedebois.com\/blog\/wp-content\/uploads\/2021\/05\/Calendrier_magnetique_des_saisons_Le_Jardin_du_Moulin_-_Moulin_Roty_2-1024x787.jpg 1024w\" sizes=\"(max-width: 500px) 100vw, 500px\" \/><\/p>\n<p>&nbsp;<\/p>\n<h2>Le rep\u00e9rage dans le temps : le principal apport \u00e9ducatif du calendrier magn\u00e9tique<\/h2>\n<p>L\u2019apport \u00e9ducatif de ce support est le rep\u00e9rage du temps. Il permet un travail sur les jours, les mois et les saisons ! Comme dit pr\u00e9c\u00e9demment ce support me parait extr\u00eamement int\u00e9ressant. Il permet de donner du sens \u00e0 la notion abstraite de temps. Le calendrier magn\u00e9tique des saisons aide ainsi \u00e0 mat\u00e9rialiser cet \u00e9l\u00e9ment.<\/p>\n<p>Il est envisageable de mat\u00e9rialiser le temps qui passe et la date d\u00e8s la maternelle. Bien \u00e9videmment, \u00e0 cet \u00e2ge, l\u2019enfant a besoin d\u2019\u00eatre accompagn\u00e9. Il a besoin d\u2019un adulte dans cette d\u00e9marche d\u2019apprentissage. Un de mes patients a achet\u00e9 ce support afin de d\u00e9corer sa chambre et l\u2019exploiter pour mieux se rep\u00e9rer.<\/p>\n<p>Je pense que la pr\u00e9sence d\u2019un adulte est essentielle pour commencer surtout avec les plus petits. Par la suite, l\u2019enfant gagne en autonomie dans cet apprentissage. Il peut donc exploiter ce support seul afin de se rep\u00e9rer dans le temps.<\/p>\n<p>&nbsp;<\/p>\n<p>Vous aimez le calendrier magn\u00e9tique des saisons ? <a href=\"https:\/\/www.bonhommedebois.com\/calendrier-magnetique-des-saisons-le-jardin-du-moulin-moulin-roty.html\">Achetez-le<\/a> sur notre site !<\/p>\n","protected":false},"excerpt":{"rendered":"<p>Ce produit s\u2019appelle le calendrier magn\u00e9tique des saisons de Moulin Roty. J\u2019ai utilis\u00e9 ce produit au cabinet d\u2019ergoth\u00e9rapie. Avec 4 enfants de 4 ans \u00e0 9 ans afin de travailler le rep\u00e9rage dans le temps. Beaucoup de mes patients ont encore du mal \u00e0 se rep\u00e9rer dans le temps. Mat\u00e9rialiser la date \u00e0 l\u2019aide de &hellip;<\/p>\n","protected":false},"author":25,"featured_media":3259,"comment_status":"open","ping_status":"open","sticky":false,"template":"","format":"standard","meta":[],"categories":[7,8,10],"tags":[],"acf":[],"yoast_head":"<!-- This site is optimized with the Yoast SEO plugin v20.6 - https:\/\/yoast.com\/wordpress\/plugins\/seo\/ -->\n<title>Calendrier magn\u00e9tique des saisons - Le Blog de Bonhomme De Bois<\/title>\n<meta name=\"description\" content=\"Le calendrier magn\u00e9tique des saisons permet un travail sur les jours, les mois et les saisons ! Les enfants ont ador\u00e9 ce support et le trouvent tr\u00e8s beau.\" \/>\n<meta name=\"robots\" content=\"index, follow, max-snippet:-1, max-image-preview:large, max-video-preview:-1\" \/>\n<link rel=\"canonical\" href=\"https:\/\/www.bonhommedebois.com\/blog\/calendrier-magnetique-des-saisons-de-moulin-roty-avis-dexpert\/\" \/>\n<meta property=\"og:locale\" content=\"fr_FR\" \/>\n<meta property=\"og:type\" content=\"article\" \/>\n<meta property=\"og:title\" content=\"Calendrier magn\u00e9tique des saisons - Le Blog de Bonhomme De Bois\" \/>\n<meta property=\"og:description\" content=\"Le calendrier magn\u00e9tique des saisons permet un travail sur les jours, les mois et les saisons ! Les enfants ont ador\u00e9 ce support et le trouvent tr\u00e8s beau.\" \/>\n<meta property=\"og:url\" content=\"https:\/\/www.bonhommedebois.com\/blog\/calendrier-magnetique-des-saisons-de-moulin-roty-avis-dexpert\/\" \/>\n<meta property=\"og:site_name\" content=\"Le Blog de Bonhomme De Bois\" \/>\n<meta property=\"article:publisher\" content=\"https:\/\/www.facebook.com\/bonhommedeboisofficiel\" \/>\n<meta property=\"article:published_time\" content=\"2021-06-21T14:39:44+00:00\" \/>\n<meta property=\"article:modified_time\" content=\"2022-03-30T15:02:00+00:00\" \/>\n<meta property=\"og:image\" content=\"https:\/\/www.bonhommedebois.com\/blog\/wp-content\/uploads\/2021\/05\/image003.jpg\" \/>\n\t<meta property=\"og:image:width\" content=\"500\" \/>\n\t<meta property=\"og:image:height\" content=\"339\" \/>\n\t<meta property=\"og:image:type\" content=\"image\/jpeg\" \/>\n<meta name=\"author\" content=\"Emeline Auffray\" \/>\n<meta name=\"twitter:label1\" content=\"\u00c9crit par\" \/>\n\t<meta name=\"twitter:data1\" content=\"Emeline Auffray\" \/>\n\t<meta name=\"twitter:label2\" content=\"Dur\u00e9e de lecture estim\u00e9e\" \/>\n\t<meta name=\"twitter:data2\" content=\"3 minutes\" \/>\n<script type=\"application\/ld+json\" class=\"yoast-schema-graph\">{\"@context\":\"https:\/\/schema.org\",\"@graph\":[{\"@type\":\"Article\",\"@id\":\"https:\/\/www.bonhommedebois.com\/blog\/calendrier-magnetique-des-saisons-de-moulin-roty-avis-dexpert\/#article\",\"isPartOf\":{\"@id\":\"https:\/\/www.bonhommedebois.com\/blog\/calendrier-magnetique-des-saisons-de-moulin-roty-avis-dexpert\/\"},\"author\":{\"name\":\"Emeline Auffray\",\"@id\":\"https:\/\/www.bonhommedebois.com\/blog\/#\/schema\/person\/0165fd480064df62a392cf846a1b3b40\"},\"headline\":\"Calendrier magn\u00e9tique des saisons de Moulin Roty &#8211; Avis d&rsquo;expert\",\"datePublished\":\"2021-06-21T14:39:44+00:00\",\"dateModified\":\"2022-03-30T15:02:00+00:00\",\"mainEntityOfPage\":{\"@id\":\"https:\/\/www.bonhommedebois.com\/blog\/calendrier-magnetique-des-saisons-de-moulin-roty-avis-dexpert\/\"},\"wordCount\":538,\"commentCount\":0,\"publisher\":{\"@id\":\"https:\/\/www.bonhommedebois.com\/blog\/#organization\"},\"articleSection\":[\"2-3 ans\",\"3-6 ans\",\"D\u00e9couvrir et manipuler\"],\"inLanguage\":\"fr-FR\",\"potentialAction\":[{\"@type\":\"CommentAction\",\"name\":\"Comment\",\"target\":[\"https:\/\/www.bonhommedebois.com\/blog\/calendrier-magnetique-des-saisons-de-moulin-roty-avis-dexpert\/#respond\"]}]},{\"@type\":\"WebPage\",\"@id\":\"https:\/\/www.bonhommedebois.com\/blog\/calendrier-magnetique-des-saisons-de-moulin-roty-avis-dexpert\/\",\"url\":\"https:\/\/www.bonhommedebois.com\/blog\/calendrier-magnetique-des-saisons-de-moulin-roty-avis-dexpert\/\",\"name\":\"Calendrier magn\u00e9tique des saisons - Le Blog de Bonhomme De Bois\",\"isPartOf\":{\"@id\":\"https:\/\/www.bonhommedebois.com\/blog\/#website\"},\"datePublished\":\"2021-06-21T14:39:44+00:00\",\"dateModified\":\"2022-03-30T15:02:00+00:00\",\"description\":\"Le calendrier magn\u00e9tique des saisons permet un travail sur les jours, les mois et les saisons ! Les enfants ont ador\u00e9 ce support et le trouvent tr\u00e8s beau.\",\"breadcrumb\":{\"@id\":\"https:\/\/www.bonhommedebois.com\/blog\/calendrier-magnetique-des-saisons-de-moulin-roty-avis-dexpert\/#breadcrumb\"},\"inLanguage\":\"fr-FR\",\"potentialAction\":[{\"@type\":\"ReadAction\",\"target\":[\"https:\/\/www.bonhommedebois.com\/blog\/calendrier-magnetique-des-saisons-de-moulin-roty-avis-dexpert\/\"]}]},{\"@type\":\"BreadcrumbList\",\"@id\":\"https:\/\/www.bonhommedebois.com\/blog\/calendrier-magnetique-des-saisons-de-moulin-roty-avis-dexpert\/#breadcrumb\",\"itemListElement\":[{\"@type\":\"ListItem\",\"position\":1,\"name\":\"Accueil\",\"item\":\"https:\/\/www.bonhommedebois.com\/blog\/\"},{\"@type\":\"ListItem\",\"position\":2,\"name\":\"Calendrier magn\u00e9tique des saisons de Moulin Roty &#8211; Avis d&rsquo;expert\"}]},{\"@type\":\"WebSite\",\"@id\":\"https:\/\/www.bonhommedebois.com\/blog\/#website\",\"url\":\"https:\/\/www.bonhommedebois.com\/blog\/\",\"name\":\"Le Blog de Bonhomme De Bois\",\"description\":\"\",\"publisher\":{\"@id\":\"https:\/\/www.bonhommedebois.com\/blog\/#organization\"},\"potentialAction\":[{\"@type\":\"SearchAction\",\"target\":{\"@type\":\"EntryPoint\",\"urlTemplate\":\"https:\/\/www.bonhommedebois.com\/blog\/?s={search_term_string}\"},\"query-input\":\"required name=search_term_string\"}],\"inLanguage\":\"fr-FR\"},{\"@type\":\"Organization\",\"@id\":\"https:\/\/www.bonhommedebois.com\/blog\/#organization\",\"name\":\"Bonhomme De Bois\",\"url\":\"https:\/\/www.bonhommedebois.com\/blog\/\",\"logo\":{\"@type\":\"ImageObject\",\"inLanguage\":\"fr-FR\",\"@id\":\"https:\/\/www.bonhommedebois.com\/blog\/#\/schema\/logo\/image\/\",\"url\":\"https:\/\/www.bonhommedebois.com\/blog\/wp-content\/uploads\/2016\/01\/logo.png\",\"contentUrl\":\"https:\/\/www.bonhommedebois.com\/blog\/wp-content\/uploads\/2016\/01\/logo.png\",\"width\":297,\"height\":51,\"caption\":\"Bonhomme De Bois\"},\"image\":{\"@id\":\"https:\/\/www.bonhommedebois.com\/blog\/#\/schema\/logo\/image\/\"},\"sameAs\":[\"https:\/\/www.facebook.com\/bonhommedeboisofficiel\",\"https:\/\/www.instagram.com\/lebonhommedebois\/?hl=fr\",\"https:\/\/www.youtube.com\/channel\/UCYLCHRVlOsPRaCeGVzePJFQ\"]},{\"@type\":\"Person\",\"@id\":\"https:\/\/www.bonhommedebois.com\/blog\/#\/schema\/person\/0165fd480064df62a392cf846a1b3b40\",\"name\":\"Emeline Auffray\",\"image\":{\"@type\":\"ImageObject\",\"inLanguage\":\"fr-FR\",\"@id\":\"https:\/\/www.bonhommedebois.com\/blog\/#\/schema\/person\/image\/\",\"url\":\"https:\/\/www.bonhommedebois.com\/blog\/wp-content\/uploads\/2019\/07\/fille-jaune.png\",\"contentUrl\":\"https:\/\/www.bonhommedebois.com\/blog\/wp-content\/uploads\/2019\/07\/fille-jaune.png\",\"caption\":\"Emeline Auffray\"},\"description\":\"Je suis ergoth\u00e9rapeute lib\u00e9rale en p\u00e9diatrie. Je travaille exclusivement avec les enfants, du plus jeune \u00e2ge \u00e0 l\u2019adolescence. J\u2019ai \u00e9galement une petite fille, scolaris\u00e9e en petite section de maternelle pour qui le jeu, l\u2019imaginaire et le d\u00e9veloppement graphique prennent une place importante.\",\"url\":\"https:\/\/www.bonhommedebois.com\/blog\/author\/expert18\/\"}]}<\/script>\n<!-- \/ Yoast SEO plugin. -->","yoast_head_json":{"title":"Calendrier magn\u00e9tique des saisons - Le Blog de Bonhomme De Bois","description":"Le calendrier magn\u00e9tique des saisons permet un travail sur les jours, les mois et les saisons ! Les enfants ont ador\u00e9 ce support et le trouvent tr\u00e8s beau.","robots":{"index":"index","follow":"follow","max-snippet":"max-snippet:-1","max-image-preview":"max-image-preview:large","max-video-preview":"max-video-preview:-1"},"canonical":"https:\/\/www.bonhommedebois.com\/blog\/calendrier-magnetique-des-saisons-de-moulin-roty-avis-dexpert\/","og_locale":"fr_FR","og_type":"article","og_title":"Calendrier magn\u00e9tique des saisons - Le Blog de Bonhomme De Bois","og_description":"Le calendrier magn\u00e9tique des saisons permet un travail sur les jours, les mois et les saisons ! Les enfants ont ador\u00e9 ce support et le trouvent tr\u00e8s beau.","og_url":"https:\/\/www.bonhommedebois.com\/blog\/calendrier-magnetique-des-saisons-de-moulin-roty-avis-dexpert\/","og_site_name":"Le Blog de Bonhomme De Bois","article_publisher":"https:\/\/www.facebook.com\/bonhommedeboisofficiel","article_published_time":"2021-06-21T14:39:44+00:00","article_modified_time":"2022-03-30T15:02:00+00:00","og_image":[{"width":500,"height":339,"url":"https:\/\/www.bonhommedebois.com\/blog\/wp-content\/uploads\/2021\/05\/image003.jpg","type":"image\/jpeg"}],"author":"Emeline Auffray","twitter_misc":{"\u00c9crit par":"Emeline Auffray","Dur\u00e9e de lecture estim\u00e9e":"3 minutes"},"schema":{"@context":"https:\/\/schema.org","@graph":[{"@type":"Article","@id":"https:\/\/www.bonhommedebois.com\/blog\/calendrier-magnetique-des-saisons-de-moulin-roty-avis-dexpert\/#article","isPartOf":{"@id":"https:\/\/www.bonhommedebois.com\/blog\/calendrier-magnetique-des-saisons-de-moulin-roty-avis-dexpert\/"},"author":{"name":"Emeline Auffray","@id":"https:\/\/www.bonhommedebois.com\/blog\/#\/schema\/person\/0165fd480064df62a392cf846a1b3b40"},"headline":"Calendrier magn\u00e9tique des saisons de Moulin Roty &#8211; Avis d&rsquo;expert","datePublished":"2021-06-21T14:39:44+00:00","dateModified":"2022-03-30T15:02:00+00:00","mainEntityOfPage":{"@id":"https:\/\/www.bonhommedebois.com\/blog\/calendrier-magnetique-des-saisons-de-moulin-roty-avis-dexpert\/"},"wordCount":538,"commentCount":0,"publisher":{"@id":"https:\/\/www.bonhommedebois.com\/blog\/#organization"},"articleSection":["2-3 ans","3-6 ans","D\u00e9couvrir et manipuler"],"inLanguage":"fr-FR","potentialAction":[{"@type":"CommentAction","name":"Comment","target":["https:\/\/www.bonhommedebois.com\/blog\/calendrier-magnetique-des-saisons-de-moulin-roty-avis-dexpert\/#respond"]}]},{"@type":"WebPage","@id":"https:\/\/www.bonhommedebois.com\/blog\/calendrier-magnetique-des-saisons-de-moulin-roty-avis-dexpert\/","url":"https:\/\/www.bonhommedebois.com\/blog\/calendrier-magnetique-des-saisons-de-moulin-roty-avis-dexpert\/","name":"Calendrier magn\u00e9tique des saisons - Le Blog de Bonhomme De Bois","isPartOf":{"@id":"https:\/\/www.bonhommedebois.com\/blog\/#website"},"datePublished":"2021-06-21T14:39:44+00:00","dateModified":"2022-03-30T15:02:00+00:00","description":"Le calendrier magn\u00e9tique des saisons permet un travail sur les jours, les mois et les saisons ! Les enfants ont ador\u00e9 ce support et le trouvent tr\u00e8s beau.","breadcrumb":{"@id":"https:\/\/www.bonhommedebois.com\/blog\/calendrier-magnetique-des-saisons-de-moulin-roty-avis-dexpert\/#breadcrumb"},"inLanguage":"fr-FR","potentialAction":[{"@type":"ReadAction","target":["https:\/\/www.bonhommedebois.com\/blog\/calendrier-magnetique-des-saisons-de-moulin-roty-avis-dexpert\/"]}]},{"@type":"BreadcrumbList","@id":"https:\/\/www.bonhommedebois.com\/blog\/calendrier-magnetique-des-saisons-de-moulin-roty-avis-dexpert\/#breadcrumb","itemListElement":[{"@type":"ListItem","position":1,"name":"Accueil","item":"https:\/\/www.bonhommedebois.com\/blog\/"},{"@type":"ListItem","position":2,"name":"Calendrier magn\u00e9tique des saisons de Moulin Roty &#8211; Avis d&rsquo;expert"}]},{"@type":"WebSite","@id":"https:\/\/www.bonhommedebois.com\/blog\/#website","url":"https:\/\/www.bonhommedebois.com\/blog\/","name":"Le Blog de Bonhomme De Bois","description":"","publisher":{"@id":"https:\/\/www.bonhommedebois.com\/blog\/#organization"},"potentialAction":[{"@type":"SearchAction","target":{"@type":"EntryPoint","urlTemplate":"https:\/\/www.bonhommedebois.com\/blog\/?s={search_term_string}"},"query-input":"required name=search_term_string"}],"inLanguage":"fr-FR"},{"@type":"Organization","@id":"https:\/\/www.bonhommedebois.com\/blog\/#organization","name":"Bonhomme De Bois","url":"https:\/\/www.bonhommedebois.com\/blog\/","logo":{"@type":"ImageObject","inLanguage":"fr-FR","@id":"https:\/\/www.bonhommedebois.com\/blog\/#\/schema\/logo\/image\/","url":"https:\/\/www.bonhommedebois.com\/blog\/wp-content\/uploads\/2016\/01\/logo.png","contentUrl":"https:\/\/www.bonhommedebois.com\/blog\/wp-content\/uploads\/2016\/01\/logo.png","width":297,"height":51,"caption":"Bonhomme De Bois"},"image":{"@id":"https:\/\/www.bonhommedebois.com\/blog\/#\/schema\/logo\/image\/"},"sameAs":["https:\/\/www.facebook.com\/bonhommedeboisofficiel","https:\/\/www.instagram.com\/lebonhommedebois\/?hl=fr","https:\/\/www.youtube.com\/channel\/UCYLCHRVlOsPRaCeGVzePJFQ"]},{"@type":"Person","@id":"https:\/\/www.bonhommedebois.com\/blog\/#\/schema\/person\/0165fd480064df62a392cf846a1b3b40","name":"Emeline Auffray","image":{"@type":"ImageObject","inLanguage":"fr-FR","@id":"https:\/\/www.bonhommedebois.com\/blog\/#\/schema\/person\/image\/","url":"https:\/\/www.bonhommedebois.com\/blog\/wp-content\/uploads\/2019\/07\/fille-jaune.png","contentUrl":"https:\/\/www.bonhommedebois.com\/blog\/wp-content\/uploads\/2019\/07\/fille-jaune.png","caption":"Emeline Auffray"},"description":"Je suis ergoth\u00e9rapeute lib\u00e9rale en p\u00e9diatrie. Je travaille exclusivement avec les enfants, du plus jeune \u00e2ge \u00e0 l\u2019adolescence. J\u2019ai \u00e9galement une petite fille, scolaris\u00e9e en petite section de maternelle pour qui le jeu, l\u2019imaginaire et le d\u00e9veloppement graphique prennent une place importante.","url":"https:\/\/www.bonhommedebois.com\/blog\/author\/expert18\/"}]}},"_links":{"self":[{"href":"https:\/\/www.bonhommedebois.com\/blog\/wp-json\/wp\/v2\/posts\/3257"}],"collection":[{"href":"https:\/\/www.bonhommedebois.com\/blog\/wp-json\/wp\/v2\/posts"}],"about":[{"href":"https:\/\/www.bonhommedebois.com\/blog\/wp-json\/wp\/v2\/types\/post"}],"author":[{"embeddable":true,"href":"https:\/\/www.bonhommedebois.com\/blog\/wp-json\/wp\/v2\/users\/25"}],"replies":[{"embeddable":true,"href":"https:\/\/www.bonhommedebois.com\/blog\/wp-json\/wp\/v2\/comments?post=3257"}],"version-history":[{"count":6,"href":"https:\/\/www.bonhommedebois.com\/blog\/wp-json\/wp\/v2\/posts\/3257\/revisions"}],"predecessor-version":[{"id":3279,"href":"https:\/\/www.bonhommedebois.com\/blog\/wp-json\/wp\/v2\/posts\/3257\/revisions\/3279"}],"wp:featuredmedia":[{"embeddable":true,"href":"https:\/\/www.bonhommedebois.com\/blog\/wp-json\/wp\/v2\/media\/3259"}],"wp:attachment":[{"href":"https:\/\/www.bonhommedebois.com\/blog\/wp-json\/wp\/v2\/media?parent=3257"}],"wp:term":[{"taxonomy":"category","embeddable":true,"href":"https:\/\/www.bonhommedebois.com\/blog\/wp-json\/wp\/v2\/categories?post=3257"},{"taxonomy":"post_tag","embeddable":true,"href":"https:\/\/www.bonhommedebois.com\/blog\/wp-json\/wp\/v2\/tags?post=3257"}],"curies":[{"name":"wp","href":"https:\/\/api.w.org\/{rel}","templated":true}]}}