{"id":3057,"date":"2021-04-23T16:13:12","date_gmt":"2021-04-23T15:13:12","guid":{"rendered":"https:\/\/www.bonhommedebois.com\/blog\/?p=3057"},"modified":"2022-11-30T12:24:26","modified_gmt":"2022-11-30T11:24:26","slug":"tracteur-en-bois-empilanimo-de-vilac-avis-dexpert","status":"publish","type":"post","link":"https:\/\/www.bonhommedebois.com\/blog\/tracteur-en-bois-empilanimo-de-vilac-avis-dexpert\/","title":{"rendered":"Tracteur en bois Empil&rsquo;Animo de Vilac &#8211; Avis d&rsquo;Expert"},"content":{"rendered":"<p>Le <a href=\"https:\/\/www.bonhommedebois.com\/empil-animo-ingela-p-arrhenius-vilac.html\">tracteur Empil\u2019Animo<\/a> de la marque fran\u00e7aise <a href=\"https:\/\/www.bonhommedebois.com\/nos-marques\/vilac.html\">Vilac<\/a> est un tracteur en bois \u00e0 tirer poss\u00e9dant de multiples activit\u00e9s. Il favorise le <strong>d\u00e9veloppement de la motricit\u00e9 et de la cr\u00e9ativit\u00e9<\/strong> d\u00e8s 2 ans environ.<\/p>\n<p>Le tracteur en bois d\u2019activit\u00e9s a \u00e9t\u00e9 imagin\u00e9 et dessin\u00e9 par l\u2019illustratrice su\u00e9doise Ingela P.Arrhenius, qui collabore r\u00e9guli\u00e8rement avec Vilac. Cette derni\u00e8re offre un univers color\u00e9, enfantin et joyeux, ce qui pla\u00eet aux tout-petits et rend nostalgiques les plus grands !<\/p>\n<p>Enti\u00e8rement en bois, le tracteur d\u2019activit\u00e9s est <strong>robuste et dure dans le temps<\/strong>. Non-genr\u00e9, on y retrouve des <strong>couleurs vives et acidul\u00e9es<\/strong>, et des personnages aux expressions amusantes. Outre l\u2019activit\u00e9 de <strong>pr\u00e9cision<\/strong> et de <strong>concentration<\/strong> consistant \u00e0 enfiler les diff\u00e9rents animaux de la ferme sur des tiges en bois, l\u2019enfant joue avec les six animaux et cr\u00e9e son propre univers.<\/p>\n<h2><strong>Un tracteur en bois id\u00e9al pour d\u00e9velopper sa motricit\u00e9<\/strong><\/h2>\n<p>La taille des animaux est <strong>adapt\u00e9e aux petites mains<\/strong>. Le tracteur et sa remorque peuvent se s\u00e9parer en deux parties distinctes. Tout en s\u2019amusant dans l\u2019univers de la ferme, le bout de chou d\u00e9veloppe sa <strong>motricit\u00e9 fine<\/strong> (utiliser la pince pouce-doigts), sa <strong>pr\u00e9cision<\/strong>, et sa <strong>coordination bimanuelle<\/strong> et <strong>oculo-manuelle<\/strong> (main-\u0153il). L&rsquo;enfant am\u00e9liore \u00e9galement sa capacit\u00e9 \u00e0 se concentrer. C&rsquo;est le cas lorsqu&rsquo;il enfile une forme sur une tige et empile les animaux les uns sur les autres.<\/p>\n<p><img fetchpriority=\"high\" decoding=\"async\" class=\"aligncenter size-full wp-image-3061\" src=\"https:\/\/www.bonhommedebois.com\/blog\/wp-content\/uploads\/2021\/04\/Empil_Animo_Ingela_P._Arrhenius_-_Vilac_1.jpg\" alt=\"tracteur en bois sans les animaux \" width=\"500\" height=\"339\" \/><\/p>\n<h2><strong>Un jouet amusant seul ou \u00e0 plusieurs<\/strong><\/h2>\n<p>Le petit peut exercer sa motricit\u00e9, manipuler, effectuer des constructions et enfiler les diff\u00e9rentes pi\u00e8ces sur les tiges, seul ou avec ses paires. Il peut \u00e9galement entrer dans le jeu symbolique en se plongeant dans l\u2019univers de la ferme et en jouant avec les diff\u00e9rents \u00e9l\u00e9ments. Cela stimule son <strong>imagination<\/strong> et ses <strong>capacit\u00e9s \u00e0 jouer \u00e0 plusieurs<\/strong> (pr\u00eater, faire des compromis, observer ce que l\u2019autre fait diff\u00e9remment).<\/p>\n<p>Je recommande de passer par des jouets repr\u00e9sentant des animaux, color\u00e9s et amusants, comme c\u2019est le cas avec ce joli tracteur. En effet, les animaux sont un bon moyen de communiquer avec un enfant. Tous les aiment, et il peut \u00eatre amusant de les animer et de les nommer afin de cr\u00e9er davantage d\u2019\u00e9changes avec un petit. Cependant, il est important de le laisser d\u00e9couvrir ce jouet seul. Cela lui permet de se concentrer et d&rsquo;en profiter pleinement en faisant ses propres exp\u00e9riences.<\/p>\n<h2><strong>La d\u00e9couverte des noms et des cris des animaux<\/strong><\/h2>\n<p>Le petit observe les couleurs, nomme les animaux et imite leurs cris ou leurs d\u00e9placements. Accompagn\u00e9 d\u2019un adulte, il peut enrichir ses connaissances concernant le travail \u00e0 la ferme. Par exemple, il comprendre comment nourrir et prendre soin des animaux ou comment r\u00e9colter les fruits et l\u00e9gumes. Cela d\u00e9veloppe son <strong>expression orale et son vocabulaire<\/strong>.<\/p>\n<p><img decoding=\"async\" class=\"aligncenter size-full wp-image-3062\" src=\"https:\/\/www.bonhommedebois.com\/blog\/wp-content\/uploads\/2021\/04\/Empil_Animo_Ingela_P._Arrhenius_-_Vilac_2.jpg\" alt=\"tracteur en bois Vilac\" width=\"500\" height=\"339\" \/><\/p>\n<p>Retrouvez le <a href=\"https:\/\/www.bonhommedebois.com\/empil-animo-ingela-p-arrhenius-vilac.html\">tracteur Empil\u2019Animo<\/a> sur le site de Bonhomme de Bois !<\/p>\n","protected":false},"excerpt":{"rendered":"<p>Le tracteur Empil\u2019Animo de la marque fran\u00e7aise Vilac est un tracteur en bois \u00e0 tirer poss\u00e9dant de multiples activit\u00e9s. Il favorise le d\u00e9veloppement de la motricit\u00e9 et de la cr\u00e9ativit\u00e9 d\u00e8s 2 ans environ. Le tracteur en bois d\u2019activit\u00e9s a \u00e9t\u00e9 imagin\u00e9 et dessin\u00e9 par l\u2019illustratrice su\u00e9doise Ingela P.Arrhenius, qui collabore r\u00e9guli\u00e8rement avec Vilac. Cette &hellip;<\/p>\n","protected":false},"author":23,"featured_media":3063,"comment_status":"open","ping_status":"open","sticky":false,"template":"","format":"standard","meta":[],"categories":[30,7,10,11],"tags":[],"acf":[],"yoast_head":"<!-- This site is optimized with the Yoast SEO plugin v20.6 - https:\/\/yoast.com\/wordpress\/plugins\/seo\/ -->\n<title>Tracteur en bois Empil&#039;Animo de Vilac - Avis d&#039;Expert<\/title>\n<meta name=\"description\" content=\"Le tracteur en bois \u00e0 tirer de Vilac poss\u00e8de de multiples activit\u00e9s, et favorise le d\u00e9veloppement de la motricit\u00e9 et de la cr\u00e9ativit\u00e9 des petits d\u00e8s 2 ans.\" \/>\n<meta name=\"robots\" content=\"index, follow, max-snippet:-1, max-image-preview:large, max-video-preview:-1\" \/>\n<link rel=\"canonical\" href=\"https:\/\/www.bonhommedebois.com\/blog\/tracteur-en-bois-empilanimo-de-vilac-avis-dexpert\/\" \/>\n<meta property=\"og:locale\" content=\"fr_FR\" \/>\n<meta property=\"og:type\" content=\"article\" \/>\n<meta property=\"og:title\" content=\"Tracteur en bois Empil&#039;Animo de Vilac - Avis d&#039;Expert\" \/>\n<meta property=\"og:description\" content=\"Le tracteur en bois \u00e0 tirer de Vilac poss\u00e8de de multiples activit\u00e9s, et favorise le d\u00e9veloppement de la motricit\u00e9 et de la cr\u00e9ativit\u00e9 des petits d\u00e8s 2 ans.\" \/>\n<meta property=\"og:url\" content=\"https:\/\/www.bonhommedebois.com\/blog\/tracteur-en-bois-empilanimo-de-vilac-avis-dexpert\/\" \/>\n<meta property=\"og:site_name\" content=\"Le Blog de Bonhomme De Bois\" \/>\n<meta property=\"article:publisher\" content=\"https:\/\/www.facebook.com\/bonhommedeboisofficiel\" \/>\n<meta property=\"article:published_time\" content=\"2021-04-23T15:13:12+00:00\" \/>\n<meta property=\"article:modified_time\" content=\"2022-11-30T11:24:26+00:00\" \/>\n<meta property=\"og:image\" content=\"https:\/\/www.bonhommedebois.com\/blog\/wp-content\/uploads\/2021\/04\/Empil_Animo_Ingela_P._Arrhenius_-_Vilac.jpg\" \/>\n\t<meta property=\"og:image:width\" content=\"500\" \/>\n\t<meta property=\"og:image:height\" content=\"339\" \/>\n\t<meta property=\"og:image:type\" content=\"image\/jpeg\" \/>\n<meta name=\"author\" content=\"Amandine Cornette\" \/>\n<meta name=\"twitter:label1\" content=\"\u00c9crit par\" \/>\n\t<meta name=\"twitter:data1\" content=\"Amandine Cornette\" \/>\n\t<meta name=\"twitter:label2\" content=\"Dur\u00e9e de lecture estim\u00e9e\" \/>\n\t<meta name=\"twitter:data2\" content=\"3 minutes\" \/>\n<script type=\"application\/ld+json\" class=\"yoast-schema-graph\">{\"@context\":\"https:\/\/schema.org\",\"@graph\":[{\"@type\":\"Article\",\"@id\":\"https:\/\/www.bonhommedebois.com\/blog\/tracteur-en-bois-empilanimo-de-vilac-avis-dexpert\/#article\",\"isPartOf\":{\"@id\":\"https:\/\/www.bonhommedebois.com\/blog\/tracteur-en-bois-empilanimo-de-vilac-avis-dexpert\/\"},\"author\":{\"name\":\"Amandine Cornette\",\"@id\":\"https:\/\/www.bonhommedebois.com\/blog\/#\/schema\/person\/cd44eab4abaa08951382f0fcc360791d\"},\"headline\":\"Tracteur en bois Empil&rsquo;Animo de Vilac &#8211; Avis d&rsquo;Expert\",\"datePublished\":\"2021-04-23T15:13:12+00:00\",\"dateModified\":\"2022-11-30T11:24:26+00:00\",\"mainEntityOfPage\":{\"@id\":\"https:\/\/www.bonhommedebois.com\/blog\/tracteur-en-bois-empilanimo-de-vilac-avis-dexpert\/\"},\"wordCount\":511,\"commentCount\":0,\"publisher\":{\"@id\":\"https:\/\/www.bonhommedebois.com\/blog\/#organization\"},\"articleSection\":[\"Experts\",\"2-3 ans\",\"D\u00e9couvrir et manipuler\",\"Jeux de construction et d\u2019adresse\"],\"inLanguage\":\"fr-FR\",\"potentialAction\":[{\"@type\":\"CommentAction\",\"name\":\"Comment\",\"target\":[\"https:\/\/www.bonhommedebois.com\/blog\/tracteur-en-bois-empilanimo-de-vilac-avis-dexpert\/#respond\"]}]},{\"@type\":\"WebPage\",\"@id\":\"https:\/\/www.bonhommedebois.com\/blog\/tracteur-en-bois-empilanimo-de-vilac-avis-dexpert\/\",\"url\":\"https:\/\/www.bonhommedebois.com\/blog\/tracteur-en-bois-empilanimo-de-vilac-avis-dexpert\/\",\"name\":\"Tracteur en bois Empil'Animo de Vilac - Avis d'Expert\",\"isPartOf\":{\"@id\":\"https:\/\/www.bonhommedebois.com\/blog\/#website\"},\"datePublished\":\"2021-04-23T15:13:12+00:00\",\"dateModified\":\"2022-11-30T11:24:26+00:00\",\"description\":\"Le tracteur en bois \u00e0 tirer de Vilac poss\u00e8de de multiples activit\u00e9s, et favorise le d\u00e9veloppement de la motricit\u00e9 et de la cr\u00e9ativit\u00e9 des petits d\u00e8s 2 ans.\",\"breadcrumb\":{\"@id\":\"https:\/\/www.bonhommedebois.com\/blog\/tracteur-en-bois-empilanimo-de-vilac-avis-dexpert\/#breadcrumb\"},\"inLanguage\":\"fr-FR\",\"potentialAction\":[{\"@type\":\"ReadAction\",\"target\":[\"https:\/\/www.bonhommedebois.com\/blog\/tracteur-en-bois-empilanimo-de-vilac-avis-dexpert\/\"]}]},{\"@type\":\"BreadcrumbList\",\"@id\":\"https:\/\/www.bonhommedebois.com\/blog\/tracteur-en-bois-empilanimo-de-vilac-avis-dexpert\/#breadcrumb\",\"itemListElement\":[{\"@type\":\"ListItem\",\"position\":1,\"name\":\"Accueil\",\"item\":\"https:\/\/www.bonhommedebois.com\/blog\/\"},{\"@type\":\"ListItem\",\"position\":2,\"name\":\"Tracteur en bois Empil&rsquo;Animo de Vilac &#8211; Avis d&rsquo;Expert\"}]},{\"@type\":\"WebSite\",\"@id\":\"https:\/\/www.bonhommedebois.com\/blog\/#website\",\"url\":\"https:\/\/www.bonhommedebois.com\/blog\/\",\"name\":\"Le Blog de Bonhomme De Bois\",\"description\":\"\",\"publisher\":{\"@id\":\"https:\/\/www.bonhommedebois.com\/blog\/#organization\"},\"potentialAction\":[{\"@type\":\"SearchAction\",\"target\":{\"@type\":\"EntryPoint\",\"urlTemplate\":\"https:\/\/www.bonhommedebois.com\/blog\/?s={search_term_string}\"},\"query-input\":\"required name=search_term_string\"}],\"inLanguage\":\"fr-FR\"},{\"@type\":\"Organization\",\"@id\":\"https:\/\/www.bonhommedebois.com\/blog\/#organization\",\"name\":\"Bonhomme De Bois\",\"url\":\"https:\/\/www.bonhommedebois.com\/blog\/\",\"logo\":{\"@type\":\"ImageObject\",\"inLanguage\":\"fr-FR\",\"@id\":\"https:\/\/www.bonhommedebois.com\/blog\/#\/schema\/logo\/image\/\",\"url\":\"https:\/\/www.bonhommedebois.com\/blog\/wp-content\/uploads\/2016\/01\/logo.png\",\"contentUrl\":\"https:\/\/www.bonhommedebois.com\/blog\/wp-content\/uploads\/2016\/01\/logo.png\",\"width\":297,\"height\":51,\"caption\":\"Bonhomme De Bois\"},\"image\":{\"@id\":\"https:\/\/www.bonhommedebois.com\/blog\/#\/schema\/logo\/image\/\"},\"sameAs\":[\"https:\/\/www.facebook.com\/bonhommedeboisofficiel\",\"https:\/\/www.instagram.com\/lebonhommedebois\/?hl=fr\",\"https:\/\/www.youtube.com\/channel\/UCYLCHRVlOsPRaCeGVzePJFQ\"]},{\"@type\":\"Person\",\"@id\":\"https:\/\/www.bonhommedebois.com\/blog\/#\/schema\/person\/cd44eab4abaa08951382f0fcc360791d\",\"name\":\"Amandine Cornette\",\"image\":{\"@type\":\"ImageObject\",\"inLanguage\":\"fr-FR\",\"@id\":\"https:\/\/www.bonhommedebois.com\/blog\/#\/schema\/person\/image\/\",\"url\":\"https:\/\/www.bonhommedebois.com\/blog\/wp-content\/uploads\/2019\/07\/fille-noire.png\",\"contentUrl\":\"https:\/\/www.bonhommedebois.com\/blog\/wp-content\/uploads\/2019\/07\/fille-noire.png\",\"caption\":\"Amandine Cornette\"},\"description\":\"Amandine, \u00e9ducatrice de jeunes enfants, j\u2019exerce en lib\u00e9ral pour accompagner les parents dans leur r\u00f4le parental ainsi que les enfants lors de s\u00e9ances \u00e9ducatives \u00e0 travers le jeu.\",\"url\":\"https:\/\/www.bonhommedebois.com\/blog\/author\/expert17\/\"}]}<\/script>\n<!-- \/ Yoast SEO plugin. -->","yoast_head_json":{"title":"Tracteur en bois Empil'Animo de Vilac - Avis d'Expert","description":"Le tracteur en bois \u00e0 tirer de Vilac poss\u00e8de de multiples activit\u00e9s, et favorise le d\u00e9veloppement de la motricit\u00e9 et de la cr\u00e9ativit\u00e9 des petits d\u00e8s 2 ans.","robots":{"index":"index","follow":"follow","max-snippet":"max-snippet:-1","max-image-preview":"max-image-preview:large","max-video-preview":"max-video-preview:-1"},"canonical":"https:\/\/www.bonhommedebois.com\/blog\/tracteur-en-bois-empilanimo-de-vilac-avis-dexpert\/","og_locale":"fr_FR","og_type":"article","og_title":"Tracteur en bois Empil'Animo de Vilac - Avis d'Expert","og_description":"Le tracteur en bois \u00e0 tirer de Vilac poss\u00e8de de multiples activit\u00e9s, et favorise le d\u00e9veloppement de la motricit\u00e9 et de la cr\u00e9ativit\u00e9 des petits d\u00e8s 2 ans.","og_url":"https:\/\/www.bonhommedebois.com\/blog\/tracteur-en-bois-empilanimo-de-vilac-avis-dexpert\/","og_site_name":"Le Blog de Bonhomme De Bois","article_publisher":"https:\/\/www.facebook.com\/bonhommedeboisofficiel","article_published_time":"2021-04-23T15:13:12+00:00","article_modified_time":"2022-11-30T11:24:26+00:00","og_image":[{"width":500,"height":339,"url":"https:\/\/www.bonhommedebois.com\/blog\/wp-content\/uploads\/2021\/04\/Empil_Animo_Ingela_P._Arrhenius_-_Vilac.jpg","type":"image\/jpeg"}],"author":"Amandine Cornette","twitter_misc":{"\u00c9crit par":"Amandine Cornette","Dur\u00e9e de lecture estim\u00e9e":"3 minutes"},"schema":{"@context":"https:\/\/schema.org","@graph":[{"@type":"Article","@id":"https:\/\/www.bonhommedebois.com\/blog\/tracteur-en-bois-empilanimo-de-vilac-avis-dexpert\/#article","isPartOf":{"@id":"https:\/\/www.bonhommedebois.com\/blog\/tracteur-en-bois-empilanimo-de-vilac-avis-dexpert\/"},"author":{"name":"Amandine Cornette","@id":"https:\/\/www.bonhommedebois.com\/blog\/#\/schema\/person\/cd44eab4abaa08951382f0fcc360791d"},"headline":"Tracteur en bois Empil&rsquo;Animo de Vilac &#8211; Avis d&rsquo;Expert","datePublished":"2021-04-23T15:13:12+00:00","dateModified":"2022-11-30T11:24:26+00:00","mainEntityOfPage":{"@id":"https:\/\/www.bonhommedebois.com\/blog\/tracteur-en-bois-empilanimo-de-vilac-avis-dexpert\/"},"wordCount":511,"commentCount":0,"publisher":{"@id":"https:\/\/www.bonhommedebois.com\/blog\/#organization"},"articleSection":["Experts","2-3 ans","D\u00e9couvrir et manipuler","Jeux de construction et d\u2019adresse"],"inLanguage":"fr-FR","potentialAction":[{"@type":"CommentAction","name":"Comment","target":["https:\/\/www.bonhommedebois.com\/blog\/tracteur-en-bois-empilanimo-de-vilac-avis-dexpert\/#respond"]}]},{"@type":"WebPage","@id":"https:\/\/www.bonhommedebois.com\/blog\/tracteur-en-bois-empilanimo-de-vilac-avis-dexpert\/","url":"https:\/\/www.bonhommedebois.com\/blog\/tracteur-en-bois-empilanimo-de-vilac-avis-dexpert\/","name":"Tracteur en bois Empil'Animo de Vilac - Avis d'Expert","isPartOf":{"@id":"https:\/\/www.bonhommedebois.com\/blog\/#website"},"datePublished":"2021-04-23T15:13:12+00:00","dateModified":"2022-11-30T11:24:26+00:00","description":"Le tracteur en bois \u00e0 tirer de Vilac poss\u00e8de de multiples activit\u00e9s, et favorise le d\u00e9veloppement de la motricit\u00e9 et de la cr\u00e9ativit\u00e9 des petits d\u00e8s 2 ans.","breadcrumb":{"@id":"https:\/\/www.bonhommedebois.com\/blog\/tracteur-en-bois-empilanimo-de-vilac-avis-dexpert\/#breadcrumb"},"inLanguage":"fr-FR","potentialAction":[{"@type":"ReadAction","target":["https:\/\/www.bonhommedebois.com\/blog\/tracteur-en-bois-empilanimo-de-vilac-avis-dexpert\/"]}]},{"@type":"BreadcrumbList","@id":"https:\/\/www.bonhommedebois.com\/blog\/tracteur-en-bois-empilanimo-de-vilac-avis-dexpert\/#breadcrumb","itemListElement":[{"@type":"ListItem","position":1,"name":"Accueil","item":"https:\/\/www.bonhommedebois.com\/blog\/"},{"@type":"ListItem","position":2,"name":"Tracteur en bois Empil&rsquo;Animo de Vilac &#8211; Avis d&rsquo;Expert"}]},{"@type":"WebSite","@id":"https:\/\/www.bonhommedebois.com\/blog\/#website","url":"https:\/\/www.bonhommedebois.com\/blog\/","name":"Le Blog de Bonhomme De Bois","description":"","publisher":{"@id":"https:\/\/www.bonhommedebois.com\/blog\/#organization"},"potentialAction":[{"@type":"SearchAction","target":{"@type":"EntryPoint","urlTemplate":"https:\/\/www.bonhommedebois.com\/blog\/?s={search_term_string}"},"query-input":"required name=search_term_string"}],"inLanguage":"fr-FR"},{"@type":"Organization","@id":"https:\/\/www.bonhommedebois.com\/blog\/#organization","name":"Bonhomme De Bois","url":"https:\/\/www.bonhommedebois.com\/blog\/","logo":{"@type":"ImageObject","inLanguage":"fr-FR","@id":"https:\/\/www.bonhommedebois.com\/blog\/#\/schema\/logo\/image\/","url":"https:\/\/www.bonhommedebois.com\/blog\/wp-content\/uploads\/2016\/01\/logo.png","contentUrl":"https:\/\/www.bonhommedebois.com\/blog\/wp-content\/uploads\/2016\/01\/logo.png","width":297,"height":51,"caption":"Bonhomme De Bois"},"image":{"@id":"https:\/\/www.bonhommedebois.com\/blog\/#\/schema\/logo\/image\/"},"sameAs":["https:\/\/www.facebook.com\/bonhommedeboisofficiel","https:\/\/www.instagram.com\/lebonhommedebois\/?hl=fr","https:\/\/www.youtube.com\/channel\/UCYLCHRVlOsPRaCeGVzePJFQ"]},{"@type":"Person","@id":"https:\/\/www.bonhommedebois.com\/blog\/#\/schema\/person\/cd44eab4abaa08951382f0fcc360791d","name":"Amandine Cornette","image":{"@type":"ImageObject","inLanguage":"fr-FR","@id":"https:\/\/www.bonhommedebois.com\/blog\/#\/schema\/person\/image\/","url":"https:\/\/www.bonhommedebois.com\/blog\/wp-content\/uploads\/2019\/07\/fille-noire.png","contentUrl":"https:\/\/www.bonhommedebois.com\/blog\/wp-content\/uploads\/2019\/07\/fille-noire.png","caption":"Amandine Cornette"},"description":"Amandine, \u00e9ducatrice de jeunes enfants, j\u2019exerce en lib\u00e9ral pour accompagner les parents dans leur r\u00f4le parental ainsi que les enfants lors de s\u00e9ances \u00e9ducatives \u00e0 travers le jeu.","url":"https:\/\/www.bonhommedebois.com\/blog\/author\/expert17\/"}]}},"_links":{"self":[{"href":"https:\/\/www.bonhommedebois.com\/blog\/wp-json\/wp\/v2\/posts\/3057"}],"collection":[{"href":"https:\/\/www.bonhommedebois.com\/blog\/wp-json\/wp\/v2\/posts"}],"about":[{"href":"https:\/\/www.bonhommedebois.com\/blog\/wp-json\/wp\/v2\/types\/post"}],"author":[{"embeddable":true,"href":"https:\/\/www.bonhommedebois.com\/blog\/wp-json\/wp\/v2\/users\/23"}],"replies":[{"embeddable":true,"href":"https:\/\/www.bonhommedebois.com\/blog\/wp-json\/wp\/v2\/comments?post=3057"}],"version-history":[{"count":8,"href":"https:\/\/www.bonhommedebois.com\/blog\/wp-json\/wp\/v2\/posts\/3057\/revisions"}],"predecessor-version":[{"id":3844,"href":"https:\/\/www.bonhommedebois.com\/blog\/wp-json\/wp\/v2\/posts\/3057\/revisions\/3844"}],"wp:featuredmedia":[{"embeddable":true,"href":"https:\/\/www.bonhommedebois.com\/blog\/wp-json\/wp\/v2\/media\/3063"}],"wp:attachment":[{"href":"https:\/\/www.bonhommedebois.com\/blog\/wp-json\/wp\/v2\/media?parent=3057"}],"wp:term":[{"taxonomy":"category","embeddable":true,"href":"https:\/\/www.bonhommedebois.com\/blog\/wp-json\/wp\/v2\/categories?post=3057"},{"taxonomy":"post_tag","embeddable":true,"href":"https:\/\/www.bonhommedebois.com\/blog\/wp-json\/wp\/v2\/tags?post=3057"}],"curies":[{"name":"wp","href":"https:\/\/api.w.org\/{rel}","templated":true}]}}