{"id":2806,"date":"2020-10-16T14:22:26","date_gmt":"2020-10-16T13:22:26","guid":{"rendered":"https:\/\/www.bonhommedebois.com\/blog\/?p=2806"},"modified":"2020-10-22T07:59:17","modified_gmt":"2020-10-22T06:59:17","slug":"mini-mondes-le-van-et-ses-personnages","status":"publish","type":"post","link":"https:\/\/www.bonhommedebois.com\/blog\/mini-mondes-le-van-et-ses-personnages\/","title":{"rendered":"Mini-Mondes, le van et ses personnages"},"content":{"rendered":"<h2>Mini Mondes \u2013 Un emballage bien pens\u00e9<\/h2>\n<p>J\u2019ai test\u00e9 le van des Mini Mondes avec mes deux fils de 3 et 5 ans. Nous avons test\u00e9 le produit au sol, car c\u2019est l\u00e0 que l\u2019on peut vraiment exploiter le van, puisqu\u2019il faut bien s\u00fbr le faire voyager\u2026 D\u00e8s l\u2019ouverture du colis, l\u2019aventure commence !<\/p>\n<p>En effet, le carton d\u2019emballage est tr\u00e8s bien con\u00e7u : chaque chose a une place. Aucun plastique superflu. Les accessoires et personnages sont emball\u00e9s dans un joli pochon en tissu illustr\u00e9. J\u2019ai re\u00e7u mon van en avant-premi\u00e8re, mais je sais que maintenant le carton d\u2019emballage a m\u00eame \u00e9t\u00e9 optimis\u00e9 et peut servir de garage pour le van, j\u2019adore l\u2019id\u00e9e !<\/p>\n<h2>Mini Mondes \u2013 Le van et ses personnages<\/h2>\n<p>Il est propos\u00e9 avec les 4 personnages de la famille Duchemin: Papa Jim, Maman Jeanne, Oscar (le fils) et Sacha (la fille). Chaque personnage est \u00e0 assembler avec la t\u00eate, le corps, un ou plusieurs accessoires (chapeau ou sac \u00e0 dos par exemple), les bras puis les jambes. On peut s\u2019amuser \u00e0 composer le personnage de son choix ou rester fid\u00e8le au mod\u00e8le. Il faut aussi construire le van au d\u00e9part, c\u2019est tr\u00e8s facile, les enfants peuvent suivre les \u00e9tapes du montage. L\u00e0 aussi, des optimisations ont \u00e9t\u00e9 faites avec un guide pas \u00e0 pas pour la <a href=\"https:\/\/www.bonhommedebois.com\/nos-univers-de-jouets\/jeux-imagination.html\">construction<\/a>, aux couleurs des Mini Mondes. Ensuite il y a une planche de stickers pour customiser le van, et l\u00e0, les enfants ont juste ador\u00e9. Mon plus jeune de 3 ans a tout de suite accroch\u00e9 : le van et les personnages sont suffisamment gros et r\u00e9sistants pour lui permettre d\u2019inventer toutes sortes d\u2019histoires.<br \/>\n<br \/>\n<img fetchpriority=\"high\" decoding=\"async\" class=\"size-medium wp-image-2811 aligncenter\" src=\"https:\/\/www.bonhommedebois.com\/blog\/wp-content\/uploads\/2020\/10\/mini-mondes-1-780x477.jpg\" alt=\"Mini Mondes\" width=\"780\" height=\"477\" srcset=\"https:\/\/www.bonhommedebois.com\/blog\/wp-content\/uploads\/2020\/10\/mini-mondes-1-780x477.jpg 780w, https:\/\/www.bonhommedebois.com\/blog\/wp-content\/uploads\/2020\/10\/mini-mondes-1-1024x627.jpg 1024w, https:\/\/www.bonhommedebois.com\/blog\/wp-content\/uploads\/2020\/10\/mini-mondes-1-1568x960.jpg 1568w, https:\/\/www.bonhommedebois.com\/blog\/wp-content\/uploads\/2020\/10\/mini-mondes-1.jpg 1876w\" sizes=\"(max-width: 780px) 100vw, 780px\" \/><br \/>\n<\/p>\n<h2>Les Mini-mondes pour les plus grands<\/h2>\n<p>Pour le plus grand aussi, \u00e7a a \u00e9t\u00e9 une r\u00e9ussite : il a tout de suite vu le potentiel du van. En effet, les personnages peuvent \u00eatre install\u00e9s \u00e0 bord du van, mais ils peuvent aussi s\u2019installer sur le toit, sur lequel on peut mettre une table. Il y aussi un surf pour Oscar qui adore cette activit\u00e9. Pour \u00ab asseoir \u00bb les personnages, il faut leur retirer leurs jambes. C\u2019est assez rigolo pour les enfants. Il y a 2 tailles de jambes pour diff\u00e9rencier les adultes et les enfants, c\u2019est tr\u00e8s ludique. Tous les \u00e9l\u00e9ments sont en plastique recycl\u00e9. Les couleurs sont tr\u00e8s chouettes, elles donnent vraiment envie. On sent que le produit est de bonne qualit\u00e9, rien qu\u2019en le prenant en main.<br \/>\n<br \/>\n<img decoding=\"async\" class=\"alignnone size-medium wp-image-2812 aligncenter\" src=\"https:\/\/www.bonhommedebois.com\/blog\/wp-content\/uploads\/2020\/10\/mini-mondes-2-780x477.jpg\" alt=\"\" width=\"780\" height=\"477\" srcset=\"https:\/\/www.bonhommedebois.com\/blog\/wp-content\/uploads\/2020\/10\/mini-mondes-2-780x477.jpg 780w, https:\/\/www.bonhommedebois.com\/blog\/wp-content\/uploads\/2020\/10\/mini-mondes-2-1024x627.jpg 1024w, https:\/\/www.bonhommedebois.com\/blog\/wp-content\/uploads\/2020\/10\/mini-mondes-2-1568x960.jpg 1568w, https:\/\/www.bonhommedebois.com\/blog\/wp-content\/uploads\/2020\/10\/mini-mondes-2.jpg 1876w\" sizes=\"(max-width: 780px) 100vw, 780px\" \/><br \/>\n<br \/>\nLe petit plus avec ce van, c\u2019est l\u2019histoire autour du produit. En effet, lorsqu\u2019on ach\u00e8te ce van, ce n\u2019est pas seulement un jeu, mais aussi une histoire derri\u00e8re : celle de la famille Duchemin (les 4 personnages), qui partent faire un voyage autour du monde. J\u2019ai aussi abonn\u00e9 les enfants aux carnets de voyage \u00e0 la version d\u00e8s 4 ans. Du coup, les carnets de voyage retracent le parcours de la famille en s\u2019arr\u00eatant chaque fois dans un pays diff\u00e9rent. Nous avons le livre qui raconte le pr\u00e9ambule de l\u2019histoire, avant que la famille ne quitte son foyer rassurant et parte \u00e0 l\u2019aventure. Ensuite chaque carnet de voyage propose une histoire, des stickers, des jeux, des anecdotes sur le pays. Sur le site, on retrouve des pistes audio pour \u00e9couter l\u2019histoire, mais aussi quelques mots dans la langue du pays (on a beaucoup rigol\u00e9 avec les mots en russe ou en italien) et surtout surtout, la chanson !<\/p>\n<p>Vous pourrez retrouver <a href=\"https:\/\/www.bonhommedebois.com\/mini-van-et-ses-figurines-les-mini-mondes.html\">le van des Mini Mondes<\/a> sur le site www.bonhommedebois.com.<\/p>\n","protected":false},"excerpt":{"rendered":"<p>Mini Mondes \u2013 Un emballage bien pens\u00e9 J\u2019ai test\u00e9 le van des Mini Mondes avec mes deux fils de 3 et 5 ans. Nous avons test\u00e9 le produit au sol, car c\u2019est l\u00e0 que l\u2019on peut vraiment exploiter le van, puisqu\u2019il faut bien s\u00fbr le faire voyager\u2026 D\u00e8s l\u2019ouverture du colis, l\u2019aventure commence ! En &hellip;<\/p>\n","protected":false},"author":4,"featured_media":2814,"comment_status":"open","ping_status":"open","sticky":false,"template":"","format":"standard","meta":[],"categories":[30,7,8,9,10],"tags":[],"acf":[],"yoast_head":"<!-- This site is optimized with the Yoast SEO plugin v20.6 - https:\/\/yoast.com\/wordpress\/plugins\/seo\/ -->\n<title>Mini-Mondes, le van et ses personnages - Le Blog de Bonhomme De Bois<\/title>\n<meta name=\"description\" content=\"Retrouvez le va Mini Mondes et ses personnages sur notre site de Bonhomme de Bois. Nous avons demand\u00e9 \u00e0 un expert de le tester rien que pour vous !\" \/>\n<meta name=\"robots\" content=\"index, follow, max-snippet:-1, max-image-preview:large, max-video-preview:-1\" \/>\n<link rel=\"canonical\" href=\"https:\/\/www.bonhommedebois.com\/blog\/mini-mondes-le-van-et-ses-personnages\/\" \/>\n<meta property=\"og:locale\" content=\"fr_FR\" \/>\n<meta property=\"og:type\" content=\"article\" \/>\n<meta property=\"og:title\" content=\"Mini-Mondes, le van et ses personnages - Le Blog de Bonhomme De Bois\" \/>\n<meta property=\"og:description\" content=\"Retrouvez le va Mini Mondes et ses personnages sur notre site de Bonhomme de Bois. Nous avons demand\u00e9 \u00e0 un expert de le tester rien que pour vous !\" \/>\n<meta property=\"og:url\" content=\"https:\/\/www.bonhommedebois.com\/blog\/mini-mondes-le-van-et-ses-personnages\/\" \/>\n<meta property=\"og:site_name\" content=\"Le Blog de Bonhomme De Bois\" \/>\n<meta property=\"article:publisher\" content=\"https:\/\/www.facebook.com\/bonhommedeboisofficiel\" \/>\n<meta property=\"article:published_time\" content=\"2020-10-16T13:22:26+00:00\" \/>\n<meta property=\"article:modified_time\" content=\"2020-10-22T06:59:17+00:00\" \/>\n<meta property=\"og:image\" content=\"https:\/\/www.bonhommedebois.com\/blog\/wp-content\/uploads\/2020\/10\/van-mini-mondes.jpg\" \/>\n\t<meta property=\"og:image:width\" content=\"404\" \/>\n\t<meta property=\"og:image:height\" content=\"404\" \/>\n\t<meta property=\"og:image:type\" content=\"image\/jpeg\" \/>\n<meta name=\"author\" content=\"Charlotte Q.\" \/>\n<meta name=\"twitter:label1\" content=\"\u00c9crit par\" \/>\n\t<meta name=\"twitter:data1\" content=\"Charlotte Q.\" \/>\n\t<meta name=\"twitter:label2\" content=\"Dur\u00e9e de lecture estim\u00e9e\" \/>\n\t<meta name=\"twitter:data2\" content=\"3 minutes\" \/>\n<script type=\"application\/ld+json\" class=\"yoast-schema-graph\">{\"@context\":\"https:\/\/schema.org\",\"@graph\":[{\"@type\":\"Article\",\"@id\":\"https:\/\/www.bonhommedebois.com\/blog\/mini-mondes-le-van-et-ses-personnages\/#article\",\"isPartOf\":{\"@id\":\"https:\/\/www.bonhommedebois.com\/blog\/mini-mondes-le-van-et-ses-personnages\/\"},\"author\":{\"name\":\"Charlotte Q.\",\"@id\":\"https:\/\/www.bonhommedebois.com\/blog\/#\/schema\/person\/2025038e30793668af75fcd380e8da26\"},\"headline\":\"Mini-Mondes, le van et ses personnages\",\"datePublished\":\"2020-10-16T13:22:26+00:00\",\"dateModified\":\"2020-10-22T06:59:17+00:00\",\"mainEntityOfPage\":{\"@id\":\"https:\/\/www.bonhommedebois.com\/blog\/mini-mondes-le-van-et-ses-personnages\/\"},\"wordCount\":611,\"commentCount\":0,\"publisher\":{\"@id\":\"https:\/\/www.bonhommedebois.com\/blog\/#organization\"},\"articleSection\":[\"Experts\",\"2-3 ans\",\"3-6 ans\",\"6-12 ans\",\"D\u00e9couvrir et manipuler\"],\"inLanguage\":\"fr-FR\",\"potentialAction\":[{\"@type\":\"CommentAction\",\"name\":\"Comment\",\"target\":[\"https:\/\/www.bonhommedebois.com\/blog\/mini-mondes-le-van-et-ses-personnages\/#respond\"]}]},{\"@type\":\"WebPage\",\"@id\":\"https:\/\/www.bonhommedebois.com\/blog\/mini-mondes-le-van-et-ses-personnages\/\",\"url\":\"https:\/\/www.bonhommedebois.com\/blog\/mini-mondes-le-van-et-ses-personnages\/\",\"name\":\"Mini-Mondes, le van et ses personnages - Le Blog de Bonhomme De Bois\",\"isPartOf\":{\"@id\":\"https:\/\/www.bonhommedebois.com\/blog\/#website\"},\"datePublished\":\"2020-10-16T13:22:26+00:00\",\"dateModified\":\"2020-10-22T06:59:17+00:00\",\"description\":\"Retrouvez le va Mini Mondes et ses personnages sur notre site de Bonhomme de Bois. Nous avons demand\u00e9 \u00e0 un expert de le tester rien que pour vous !\",\"breadcrumb\":{\"@id\":\"https:\/\/www.bonhommedebois.com\/blog\/mini-mondes-le-van-et-ses-personnages\/#breadcrumb\"},\"inLanguage\":\"fr-FR\",\"potentialAction\":[{\"@type\":\"ReadAction\",\"target\":[\"https:\/\/www.bonhommedebois.com\/blog\/mini-mondes-le-van-et-ses-personnages\/\"]}]},{\"@type\":\"BreadcrumbList\",\"@id\":\"https:\/\/www.bonhommedebois.com\/blog\/mini-mondes-le-van-et-ses-personnages\/#breadcrumb\",\"itemListElement\":[{\"@type\":\"ListItem\",\"position\":1,\"name\":\"Accueil\",\"item\":\"https:\/\/www.bonhommedebois.com\/blog\/\"},{\"@type\":\"ListItem\",\"position\":2,\"name\":\"Mini-Mondes, le van et ses personnages\"}]},{\"@type\":\"WebSite\",\"@id\":\"https:\/\/www.bonhommedebois.com\/blog\/#website\",\"url\":\"https:\/\/www.bonhommedebois.com\/blog\/\",\"name\":\"Le Blog de Bonhomme De Bois\",\"description\":\"\",\"publisher\":{\"@id\":\"https:\/\/www.bonhommedebois.com\/blog\/#organization\"},\"potentialAction\":[{\"@type\":\"SearchAction\",\"target\":{\"@type\":\"EntryPoint\",\"urlTemplate\":\"https:\/\/www.bonhommedebois.com\/blog\/?s={search_term_string}\"},\"query-input\":\"required name=search_term_string\"}],\"inLanguage\":\"fr-FR\"},{\"@type\":\"Organization\",\"@id\":\"https:\/\/www.bonhommedebois.com\/blog\/#organization\",\"name\":\"Bonhomme De Bois\",\"url\":\"https:\/\/www.bonhommedebois.com\/blog\/\",\"logo\":{\"@type\":\"ImageObject\",\"inLanguage\":\"fr-FR\",\"@id\":\"https:\/\/www.bonhommedebois.com\/blog\/#\/schema\/logo\/image\/\",\"url\":\"https:\/\/www.bonhommedebois.com\/blog\/wp-content\/uploads\/2016\/01\/logo.png\",\"contentUrl\":\"https:\/\/www.bonhommedebois.com\/blog\/wp-content\/uploads\/2016\/01\/logo.png\",\"width\":297,\"height\":51,\"caption\":\"Bonhomme De Bois\"},\"image\":{\"@id\":\"https:\/\/www.bonhommedebois.com\/blog\/#\/schema\/logo\/image\/\"},\"sameAs\":[\"https:\/\/www.facebook.com\/bonhommedeboisofficiel\",\"https:\/\/www.instagram.com\/lebonhommedebois\/?hl=fr\",\"https:\/\/www.youtube.com\/channel\/UCYLCHRVlOsPRaCeGVzePJFQ\"]},{\"@type\":\"Person\",\"@id\":\"https:\/\/www.bonhommedebois.com\/blog\/#\/schema\/person\/2025038e30793668af75fcd380e8da26\",\"name\":\"Charlotte Q.\",\"image\":{\"@type\":\"ImageObject\",\"inLanguage\":\"fr-FR\",\"@id\":\"https:\/\/www.bonhommedebois.com\/blog\/#\/schema\/person\/image\/\",\"url\":\"https:\/\/www.bonhommedebois.com\/blog\/wp-content\/uploads\/2019\/07\/fille-orange.png\",\"contentUrl\":\"https:\/\/www.bonhommedebois.com\/blog\/wp-content\/uploads\/2019\/07\/fille-orange.png\",\"caption\":\"Charlotte Q.\"},\"description\":\"Je suis maman de 2 enfants de 2 et 4 ans et je travaille dans l'univers du jouet depuis quelques ann\u00e9es. Je profite de mes moments privil\u00e9gi\u00e9s le mercredi pour faire tester des jeux \u00e0 mes enfants qui ne s'en plaignent pas ! J'aime les jouets qui ont plusieurs fonctions, et d'une qualit\u00e9 permettant de durer dans le temps.\",\"url\":\"https:\/\/www.bonhommedebois.com\/blog\/author\/charlotte-de-bonhomme-de-bois\/\"}]}<\/script>\n<!-- \/ Yoast SEO plugin. -->","yoast_head_json":{"title":"Mini-Mondes, le van et ses personnages - Le Blog de Bonhomme De Bois","description":"Retrouvez le va Mini Mondes et ses personnages sur notre site de Bonhomme de Bois. Nous avons demand\u00e9 \u00e0 un expert de le tester rien que pour vous !","robots":{"index":"index","follow":"follow","max-snippet":"max-snippet:-1","max-image-preview":"max-image-preview:large","max-video-preview":"max-video-preview:-1"},"canonical":"https:\/\/www.bonhommedebois.com\/blog\/mini-mondes-le-van-et-ses-personnages\/","og_locale":"fr_FR","og_type":"article","og_title":"Mini-Mondes, le van et ses personnages - Le Blog de Bonhomme De Bois","og_description":"Retrouvez le va Mini Mondes et ses personnages sur notre site de Bonhomme de Bois. Nous avons demand\u00e9 \u00e0 un expert de le tester rien que pour vous !","og_url":"https:\/\/www.bonhommedebois.com\/blog\/mini-mondes-le-van-et-ses-personnages\/","og_site_name":"Le Blog de Bonhomme De Bois","article_publisher":"https:\/\/www.facebook.com\/bonhommedeboisofficiel","article_published_time":"2020-10-16T13:22:26+00:00","article_modified_time":"2020-10-22T06:59:17+00:00","og_image":[{"width":404,"height":404,"url":"https:\/\/www.bonhommedebois.com\/blog\/wp-content\/uploads\/2020\/10\/van-mini-mondes.jpg","type":"image\/jpeg"}],"author":"Charlotte Q.","twitter_misc":{"\u00c9crit par":"Charlotte Q.","Dur\u00e9e de lecture estim\u00e9e":"3 minutes"},"schema":{"@context":"https:\/\/schema.org","@graph":[{"@type":"Article","@id":"https:\/\/www.bonhommedebois.com\/blog\/mini-mondes-le-van-et-ses-personnages\/#article","isPartOf":{"@id":"https:\/\/www.bonhommedebois.com\/blog\/mini-mondes-le-van-et-ses-personnages\/"},"author":{"name":"Charlotte Q.","@id":"https:\/\/www.bonhommedebois.com\/blog\/#\/schema\/person\/2025038e30793668af75fcd380e8da26"},"headline":"Mini-Mondes, le van et ses personnages","datePublished":"2020-10-16T13:22:26+00:00","dateModified":"2020-10-22T06:59:17+00:00","mainEntityOfPage":{"@id":"https:\/\/www.bonhommedebois.com\/blog\/mini-mondes-le-van-et-ses-personnages\/"},"wordCount":611,"commentCount":0,"publisher":{"@id":"https:\/\/www.bonhommedebois.com\/blog\/#organization"},"articleSection":["Experts","2-3 ans","3-6 ans","6-12 ans","D\u00e9couvrir et manipuler"],"inLanguage":"fr-FR","potentialAction":[{"@type":"CommentAction","name":"Comment","target":["https:\/\/www.bonhommedebois.com\/blog\/mini-mondes-le-van-et-ses-personnages\/#respond"]}]},{"@type":"WebPage","@id":"https:\/\/www.bonhommedebois.com\/blog\/mini-mondes-le-van-et-ses-personnages\/","url":"https:\/\/www.bonhommedebois.com\/blog\/mini-mondes-le-van-et-ses-personnages\/","name":"Mini-Mondes, le van et ses personnages - Le Blog de Bonhomme De Bois","isPartOf":{"@id":"https:\/\/www.bonhommedebois.com\/blog\/#website"},"datePublished":"2020-10-16T13:22:26+00:00","dateModified":"2020-10-22T06:59:17+00:00","description":"Retrouvez le va Mini Mondes et ses personnages sur notre site de Bonhomme de Bois. Nous avons demand\u00e9 \u00e0 un expert de le tester rien que pour vous !","breadcrumb":{"@id":"https:\/\/www.bonhommedebois.com\/blog\/mini-mondes-le-van-et-ses-personnages\/#breadcrumb"},"inLanguage":"fr-FR","potentialAction":[{"@type":"ReadAction","target":["https:\/\/www.bonhommedebois.com\/blog\/mini-mondes-le-van-et-ses-personnages\/"]}]},{"@type":"BreadcrumbList","@id":"https:\/\/www.bonhommedebois.com\/blog\/mini-mondes-le-van-et-ses-personnages\/#breadcrumb","itemListElement":[{"@type":"ListItem","position":1,"name":"Accueil","item":"https:\/\/www.bonhommedebois.com\/blog\/"},{"@type":"ListItem","position":2,"name":"Mini-Mondes, le van et ses personnages"}]},{"@type":"WebSite","@id":"https:\/\/www.bonhommedebois.com\/blog\/#website","url":"https:\/\/www.bonhommedebois.com\/blog\/","name":"Le Blog de Bonhomme De Bois","description":"","publisher":{"@id":"https:\/\/www.bonhommedebois.com\/blog\/#organization"},"potentialAction":[{"@type":"SearchAction","target":{"@type":"EntryPoint","urlTemplate":"https:\/\/www.bonhommedebois.com\/blog\/?s={search_term_string}"},"query-input":"required name=search_term_string"}],"inLanguage":"fr-FR"},{"@type":"Organization","@id":"https:\/\/www.bonhommedebois.com\/blog\/#organization","name":"Bonhomme De Bois","url":"https:\/\/www.bonhommedebois.com\/blog\/","logo":{"@type":"ImageObject","inLanguage":"fr-FR","@id":"https:\/\/www.bonhommedebois.com\/blog\/#\/schema\/logo\/image\/","url":"https:\/\/www.bonhommedebois.com\/blog\/wp-content\/uploads\/2016\/01\/logo.png","contentUrl":"https:\/\/www.bonhommedebois.com\/blog\/wp-content\/uploads\/2016\/01\/logo.png","width":297,"height":51,"caption":"Bonhomme De Bois"},"image":{"@id":"https:\/\/www.bonhommedebois.com\/blog\/#\/schema\/logo\/image\/"},"sameAs":["https:\/\/www.facebook.com\/bonhommedeboisofficiel","https:\/\/www.instagram.com\/lebonhommedebois\/?hl=fr","https:\/\/www.youtube.com\/channel\/UCYLCHRVlOsPRaCeGVzePJFQ"]},{"@type":"Person","@id":"https:\/\/www.bonhommedebois.com\/blog\/#\/schema\/person\/2025038e30793668af75fcd380e8da26","name":"Charlotte Q.","image":{"@type":"ImageObject","inLanguage":"fr-FR","@id":"https:\/\/www.bonhommedebois.com\/blog\/#\/schema\/person\/image\/","url":"https:\/\/www.bonhommedebois.com\/blog\/wp-content\/uploads\/2019\/07\/fille-orange.png","contentUrl":"https:\/\/www.bonhommedebois.com\/blog\/wp-content\/uploads\/2019\/07\/fille-orange.png","caption":"Charlotte Q."},"description":"Je suis maman de 2 enfants de 2 et 4 ans et je travaille dans l'univers du jouet depuis quelques ann\u00e9es. Je profite de mes moments privil\u00e9gi\u00e9s le mercredi pour faire tester des jeux \u00e0 mes enfants qui ne s'en plaignent pas ! J'aime les jouets qui ont plusieurs fonctions, et d'une qualit\u00e9 permettant de durer dans le temps.","url":"https:\/\/www.bonhommedebois.com\/blog\/author\/charlotte-de-bonhomme-de-bois\/"}]}},"_links":{"self":[{"href":"https:\/\/www.bonhommedebois.com\/blog\/wp-json\/wp\/v2\/posts\/2806"}],"collection":[{"href":"https:\/\/www.bonhommedebois.com\/blog\/wp-json\/wp\/v2\/posts"}],"about":[{"href":"https:\/\/www.bonhommedebois.com\/blog\/wp-json\/wp\/v2\/types\/post"}],"author":[{"embeddable":true,"href":"https:\/\/www.bonhommedebois.com\/blog\/wp-json\/wp\/v2\/users\/4"}],"replies":[{"embeddable":true,"href":"https:\/\/www.bonhommedebois.com\/blog\/wp-json\/wp\/v2\/comments?post=2806"}],"version-history":[{"count":9,"href":"https:\/\/www.bonhommedebois.com\/blog\/wp-json\/wp\/v2\/posts\/2806\/revisions"}],"predecessor-version":[{"id":2819,"href":"https:\/\/www.bonhommedebois.com\/blog\/wp-json\/wp\/v2\/posts\/2806\/revisions\/2819"}],"wp:featuredmedia":[{"embeddable":true,"href":"https:\/\/www.bonhommedebois.com\/blog\/wp-json\/wp\/v2\/media\/2814"}],"wp:attachment":[{"href":"https:\/\/www.bonhommedebois.com\/blog\/wp-json\/wp\/v2\/media?parent=2806"}],"wp:term":[{"taxonomy":"category","embeddable":true,"href":"https:\/\/www.bonhommedebois.com\/blog\/wp-json\/wp\/v2\/categories?post=2806"},{"taxonomy":"post_tag","embeddable":true,"href":"https:\/\/www.bonhommedebois.com\/blog\/wp-json\/wp\/v2\/tags?post=2806"}],"curies":[{"name":"wp","href":"https:\/\/api.w.org\/{rel}","templated":true}]}}