{"id":1009,"date":"2017-06-12T08:57:38","date_gmt":"2017-06-12T07:57:38","guid":{"rendered":"https:\/\/www.bonhommedebois.com\/blog\/?p=1009"},"modified":"2021-12-22T14:59:29","modified_gmt":"2021-12-22T13:59:29","slug":"partage-dexperience-vilac-jai-fait-du-jardinage-avec-mes-enfants","status":"publish","type":"post","link":"https:\/\/www.bonhommedebois.com\/blog\/partage-dexperience-vilac-jai-fait-du-jardinage-avec-mes-enfants\/","title":{"rendered":"Partage d&rsquo;exp\u00e9rience Vilac : J&rsquo;ai fait du jardinage avec mes enfants !"},"content":{"rendered":"<p>Aujourd&rsquo;hui, je vais vous partager mon <strong>exp\u00e9rience de jardinage avec mes enfants<\/strong> (12 ans, 9 ans et 4 ans) que j&rsquo;ai r\u00e9alis\u00e9e il y a quelques semaines. C&rsquo;\u00e9tait l&rsquo;occasion d&rsquo;utiliser la jolie gamme d&rsquo;<strong><a href=\"https:\/\/www.bonhommedebois.com\/nos-marques\/vilac\/jeux-d-exterieur.html\">outils de jardinage de Vilac<\/a><\/strong> sp\u00e9cialement adapt\u00e9s aux petites mains des enfants. Ce fut un merveilleux moment de complicit\u00e9 en plein air que je vous recommande chaudement ! Pour commencer, je tiens \u00e0 vous dire que je suis totalement <strong>novice en jardinage<\/strong> mais que l&rsquo;id\u00e9e de faire un potager me trottait dans la t\u00eate depuis un moment. Les enfants \u00e9taient tr\u00e8s motiv\u00e9s et on s&rsquo;est lanc\u00e9 ! Et je suis fi\u00e8re de nous car malgr\u00e9 notre manque d&rsquo;exp\u00e9rience, nous avons eu<strong> une petite r\u00e9colte<\/strong> !<!--more--><\/p>\n<div>Voici les diff\u00e9rentes \u00e9tapes de cette fameuse apr\u00e8s-midi et les r\u00e9sultats !<\/div>\n<div>\n<h3><span style=\"color: #339966;\">1.\u00a0Choisir l&rsquo;endroit pour le potager<\/span><\/h3>\n<p>Tout d&rsquo;abord,\u00a0il fallait choisir l&rsquo;endroit id\u00e9al avec <strong>assez de soleil mais pas trop<\/strong>. On a observ\u00e9 pendant plusieurs jours les ombres des arbres \u00e0 diff\u00e9rents endroits du jardin et nous avons jet\u00e9 notre d\u00e9volu \u00e0 cot\u00e9 de ce mur o\u00f9 il y a la fl\u00e8che.<\/p>\n<\/div>\n<div><img fetchpriority=\"high\" decoding=\"async\" class=\"aligncenter size-medium wp-image-982\" src=\"https:\/\/www.bonhommedebois.com\/blog\/wp-content\/uploads\/2017\/06\/endroit-780x371.png\" alt=\"endroit\" width=\"780\" height=\"371\" \/><\/div>\n<h3><span style=\"color: #339966;\">2. Faire un trou<\/span><\/h3>\n<div>Ensuite, nous avons <strong>fait un trou<\/strong> (environ 20\/30 cm de profondeur) dans la pelouse pour faire la plate-bande. Nous\u00a0avons d&rsquo;abord <strong>creus\u00e9\u00a0avec la b\u00eache<\/strong> et <strong>cass\u00e9 les morceaux de terre avec la binette<\/strong>. Le plus petit\u00a0a aussi aid\u00e9 avec la petite pelle. Au bout d&rsquo;un moment, je vous avoue, c&rsquo;\u00e9tait un peu fatigant car la plate-bande \u00e9tait tr\u00e8s grande alors on a demand\u00e9 l&rsquo;aide muscl\u00e9e du Papa ! Pendant ce temps, nous avons <strong>mis la terre dans la brouette<\/strong> et <strong>enlev\u00e9 les touffes d&rsquo;herbes en les secouant<\/strong> pour r\u00e9cup\u00e9rer le maximum de terre.<\/div>\n<div><img decoding=\"async\" class=\"aligncenter wp-image-990 size-medium\" src=\"https:\/\/www.bonhommedebois.com\/blog\/wp-content\/uploads\/2017\/06\/trou-780x371.png\" alt=\"trou\" width=\"780\" height=\"371\" \/><\/div>\n<h3><span style=\"color: #339966;\">3. M\u00e9langer et remettre la terre<\/span><\/h3>\n<div>Une fois le trou termin\u00e9, \u00a0nous avons <strong>m\u00e9lang\u00e9, avec le petit r\u00e2teau et la petite pelle<\/strong>, la terre r\u00e9cup\u00e9r\u00e9e du trou <strong>avec du terreau<\/strong> dans la brouette. \u00a0On a aussi mis <strong>les gants et le tablier<\/strong> pour ne pas (trop) se salir les mains et aussi parce qu&rsquo;il y avait plein de <strong>vers de terre<\/strong> qu&rsquo;il fallait manipuler avec soin. En effet, m\u00eame si c&rsquo;est \u00ab\u00a0d\u00e9go\u00fbtant\u00a0\u00bb, c&rsquo;est un <strong>ami du jardinier<\/strong> !<br \/>\nPuis,\u00a0nous avons <strong>renvers\u00e9 le contenu de la brouette dans le trou<\/strong>. Quelle bonheur pour les enfants de jouer avec la brouette, de la faire rouler et de la renverser !<\/div>\n<div><\/div>\n<div><\/div>\n<div><img decoding=\"async\" class=\"aligncenter wp-image-1019 size-medium\" src=\"https:\/\/www.bonhommedebois.com\/blog\/wp-content\/uploads\/2017\/06\/brouette3-780x371.png\" alt=\"brouette3\" width=\"780\" height=\"371\" \/><\/div>\n<h3><span style=\"color: #339966;\">4. Planter les graines<\/span><\/h3>\n<div><strong>Nous\u00a0avons fait des trous et des petites tranch\u00e9es<\/strong> pour mettre\u00a0les graines. Puis, nous les avons recouverts de terre en plantant\u00a0les <strong>petits panneaux avec le nom des graines<\/strong>. Comme vous pouvez le voir sur la photo, nous avons aussi mis une petite barri\u00e8re en bois autour de la plate-bande pour<strong> \u00e9viter que les mauvaises herbes<\/strong> viennent envahir le potager.<\/div>\n<div>Attention\u00a0de <strong>bien \u00e9taler les graines<\/strong> pour que les l\u00e9gumes aient de la place pour pousser (les radis surtout !).<br \/>\nOn a \u00e9galement plant\u00e9 <strong>des plantes d\u00e9j\u00e0 en pot<\/strong> : fraise, ciboulette et tomate. Pour cela, on a pris la petite pelle pour faire les trous. C&rsquo;est trop mignon de les voir s&rsquo;appliquer !<\/div>\n<div><img loading=\"lazy\" decoding=\"async\" class=\"aligncenter wp-image-983 size-medium\" src=\"https:\/\/www.bonhommedebois.com\/blog\/wp-content\/uploads\/2017\/06\/planter-780x371.png\" alt=\"planter\" width=\"780\" height=\"371\" \/><\/div>\n<div>Chaque enfant \u00e9tait responsable de graines diff\u00e9rentes. Sur notre site, <strong>Moulin Roty<\/strong> propose une <strong><a href=\"https:\/\/www.bonhommedebois.com\/nos-marques\/moulin-roty\/collections-moulin-roty\/le-jardin-du-moulin.html\">gamme de graines avec des conseils pour chacun<\/a><\/strong>. La s\u00e9lection est bien choisie car ce sont les plus faciles pour d\u00e9buter. Certaines graines peuvent m\u00eame \u00eatre <strong>mises dans du coton<\/strong> avant pour que les enfants puissent <strong>observer la germination<\/strong> et les planter ensuite.<img loading=\"lazy\" decoding=\"async\" class=\"aligncenter wp-image-987 size-medium\" src=\"https:\/\/www.bonhommedebois.com\/blog\/wp-content\/uploads\/2017\/06\/graine2-780x371.png\" alt=\"graine2\" width=\"780\" height=\"371\" \/><\/div>\n<h3><span style=\"color: #339966;\">5. Arrosage<\/span><\/h3>\n<div>Ensuite, nous avons beaucoup <strong>arros\u00e9 avec l&rsquo;arrosoir<\/strong>. Encore un moment tr\u00e8s amusant pour les enfants ! On a pris aussi le tuyau d\u2019arrosage pour limiter les allers-retours. Cela\u00a0se transforme vite en jeu d&rsquo;eau tr\u00e8s rigolo.<\/div>\n<div>On a trouv\u00e9 une astuce pour <strong>arroser en goutte \u00e0 goutte<\/strong> quand on n&rsquo;\u00e9tait pas l\u00e0: les <strong>bouteilles d&rsquo;eau en plastique retourn\u00e9es<\/strong> avec 1 trou au-dessus et en dessous. Cela \u00e0 l&rsquo;air d&rsquo;avoir fonctionn\u00e9 car l&rsquo;eau est descendue. En plus, c&rsquo;est un syst\u00e8me tr\u00e8s ludique qui a beaucoup int\u00e9ress\u00e9 les enfants.<\/div>\n<div><img loading=\"lazy\" decoding=\"async\" class=\"aligncenter wp-image-980 size-medium\" src=\"https:\/\/www.bonhommedebois.com\/blog\/wp-content\/uploads\/2017\/06\/arrosage-780x371.png\" alt=\"arrosage\" width=\"780\" height=\"371\" \/><\/div>\n<h3><span style=\"color: #339966;\">6. La r\u00e9colte<\/span><\/h3>\n<div>Toutes les plantes n&rsquo;ont pas encore donn\u00e9 leurs fruits \u00e0 l&rsquo;heure o\u00f9 je vous parle mais voici ce que nous avons d\u00e9j\u00e0 r\u00e9colt\u00e9<\/div>\n<div>&#8211;<strong> 8 fraises<\/strong><\/div>\n<div>&#8211; une dizaine de <strong>radis <\/strong>(C&rsquo;est\u00a0le plus \u00e9patant en terme de rapidit\u00e9 comme vous pouvez le voir, \u00e0 quelques semaines d&rsquo;intervale, sur la photo du milieu et de droite)<\/div>\n<div>&#8211; les pieds de<strong> tomates cerise<\/strong> ont bien grandi<\/div>\n<div>&#8211; il y a plein de <strong>petites feuilles<\/strong> qui sortent de terre et qui sont d&rsquo;excellent augure !<\/div>\n<div><img loading=\"lazy\" decoding=\"async\" class=\"aligncenter wp-image-981 size-medium\" src=\"https:\/\/www.bonhommedebois.com\/blog\/wp-content\/uploads\/2017\/06\/recolte-780x371.png\" alt=\"recolte\" width=\"780\" height=\"371\" \/><\/div>\n<h3><span style=\"color: #339966;\">7. Conclusion<\/span><\/h3>\n<div>Pour les enfants, c&rsquo;est magique de d\u00e9couvrir la nature et c&rsquo;est <strong>une belle le\u00e7on de patience<\/strong>! J&rsquo;ai \u00e9t\u00e9 impressionn\u00e9e de les voir <strong>tr\u00e8s\u00a0actifs<\/strong> jusqu&rsquo;au bout de la s\u00e9ance qui a dur\u00e9 assez longtemps et pour nous parents, cela permet de <strong>se vider la t\u00eate<\/strong> et de <strong>se d\u00e9tendre<\/strong> dans le jardin avec ses enfants. Un grand moment de bonheur !<\/div>\n<div><\/div>\n","protected":false},"excerpt":{"rendered":"<p>Aujourd&rsquo;hui, je vais vous partager mon exp\u00e9rience de jardinage avec mes enfants (12 ans, 9 ans et 4 ans) que j&rsquo;ai r\u00e9alis\u00e9e il y a quelques semaines. C&rsquo;\u00e9tait l&rsquo;occasion d&rsquo;utiliser la jolie gamme d&rsquo;outils de jardinage de Vilac sp\u00e9cialement adapt\u00e9s aux petites mains des enfants. Ce fut un merveilleux moment de complicit\u00e9 en plein air &hellip;<\/p>\n","protected":false},"author":2,"featured_media":996,"comment_status":"open","ping_status":"open","sticky":false,"template":"","format":"image","meta":[],"categories":[8,9,14],"tags":[],"acf":[],"yoast_head":"<!-- This site is optimized with the Yoast SEO plugin v20.6 - https:\/\/yoast.com\/wordpress\/plugins\/seo\/ -->\n<title>Partage d&#039;exp\u00e9rience Vilac : J&#039;ai fait du jardinage avec mes enfants !<\/title>\n<meta name=\"description\" content=\"Nos experts ont test\u00e9 pour vous la jolie gamme d\u2019outils de jardinage de Vilac \u203a D\u00e9couvrez leurs verdicts sur notre blog sp\u00e9cialis\u00e9 | Bonhomme de bois\" \/>\n<meta name=\"robots\" content=\"index, follow, max-snippet:-1, max-image-preview:large, max-video-preview:-1\" \/>\n<link rel=\"canonical\" href=\"https:\/\/www.bonhommedebois.com\/blog\/partage-dexperience-vilac-jai-fait-du-jardinage-avec-mes-enfants\/\" \/>\n<meta property=\"og:locale\" content=\"fr_FR\" \/>\n<meta property=\"og:type\" content=\"article\" \/>\n<meta property=\"og:title\" content=\"Partage d&#039;exp\u00e9rience Vilac : J&#039;ai fait du jardinage avec mes enfants !\" \/>\n<meta property=\"og:description\" content=\"Nos experts ont test\u00e9 pour vous la jolie gamme d\u2019outils de jardinage de Vilac \u203a D\u00e9couvrez leurs verdicts sur notre blog sp\u00e9cialis\u00e9 | Bonhomme de bois\" \/>\n<meta property=\"og:url\" content=\"https:\/\/www.bonhommedebois.com\/blog\/partage-dexperience-vilac-jai-fait-du-jardinage-avec-mes-enfants\/\" \/>\n<meta property=\"og:site_name\" content=\"Le Blog de Bonhomme De Bois\" \/>\n<meta property=\"article:publisher\" content=\"https:\/\/www.facebook.com\/bonhommedeboisofficiel\" \/>\n<meta property=\"article:published_time\" content=\"2017-06-12T07:57:38+00:00\" \/>\n<meta property=\"article:modified_time\" content=\"2021-12-22T13:59:29+00:00\" \/>\n<meta property=\"og:image\" content=\"https:\/\/www.bonhommedebois.com\/blog\/wp-content\/uploads\/2017\/06\/outils.png\" \/>\n\t<meta property=\"og:image:width\" content=\"780\" \/>\n\t<meta property=\"og:image:height\" content=\"371\" \/>\n\t<meta property=\"og:image:type\" content=\"image\/png\" \/>\n<meta name=\"author\" content=\"Marguerite de Bonhomme de Bois\" \/>\n<meta name=\"twitter:label1\" content=\"\u00c9crit par\" \/>\n\t<meta name=\"twitter:data1\" content=\"Marguerite de Bonhomme de Bois\" \/>\n\t<meta name=\"twitter:label2\" content=\"Dur\u00e9e de lecture estim\u00e9e\" \/>\n\t<meta name=\"twitter:data2\" content=\"4 minutes\" \/>\n<script type=\"application\/ld+json\" class=\"yoast-schema-graph\">{\"@context\":\"https:\/\/schema.org\",\"@graph\":[{\"@type\":\"Article\",\"@id\":\"https:\/\/www.bonhommedebois.com\/blog\/partage-dexperience-vilac-jai-fait-du-jardinage-avec-mes-enfants\/#article\",\"isPartOf\":{\"@id\":\"https:\/\/www.bonhommedebois.com\/blog\/partage-dexperience-vilac-jai-fait-du-jardinage-avec-mes-enfants\/\"},\"author\":{\"name\":\"Marguerite de Bonhomme de Bois\",\"@id\":\"https:\/\/www.bonhommedebois.com\/blog\/#\/schema\/person\/c7403083ef5b6812e850166bfb1f89f9\"},\"headline\":\"Partage d&rsquo;exp\u00e9rience Vilac : J&rsquo;ai fait du jardinage avec mes enfants !\",\"datePublished\":\"2017-06-12T07:57:38+00:00\",\"dateModified\":\"2021-12-22T13:59:29+00:00\",\"mainEntityOfPage\":{\"@id\":\"https:\/\/www.bonhommedebois.com\/blog\/partage-dexperience-vilac-jai-fait-du-jardinage-avec-mes-enfants\/\"},\"wordCount\":844,\"commentCount\":1,\"publisher\":{\"@id\":\"https:\/\/www.bonhommedebois.com\/blog\/#organization\"},\"articleSection\":[\"3-6 ans\",\"6-12 ans\",\"Mobilit\u00e9 et plein air\"],\"inLanguage\":\"fr-FR\",\"potentialAction\":[{\"@type\":\"CommentAction\",\"name\":\"Comment\",\"target\":[\"https:\/\/www.bonhommedebois.com\/blog\/partage-dexperience-vilac-jai-fait-du-jardinage-avec-mes-enfants\/#respond\"]}]},{\"@type\":\"WebPage\",\"@id\":\"https:\/\/www.bonhommedebois.com\/blog\/partage-dexperience-vilac-jai-fait-du-jardinage-avec-mes-enfants\/\",\"url\":\"https:\/\/www.bonhommedebois.com\/blog\/partage-dexperience-vilac-jai-fait-du-jardinage-avec-mes-enfants\/\",\"name\":\"Partage d'exp\u00e9rience Vilac : J'ai fait du jardinage avec mes enfants !\",\"isPartOf\":{\"@id\":\"https:\/\/www.bonhommedebois.com\/blog\/#website\"},\"datePublished\":\"2017-06-12T07:57:38+00:00\",\"dateModified\":\"2021-12-22T13:59:29+00:00\",\"description\":\"Nos experts ont test\u00e9 pour vous la jolie gamme d\u2019outils de jardinage de Vilac \u203a D\u00e9couvrez leurs verdicts sur notre blog sp\u00e9cialis\u00e9 | Bonhomme de bois\",\"breadcrumb\":{\"@id\":\"https:\/\/www.bonhommedebois.com\/blog\/partage-dexperience-vilac-jai-fait-du-jardinage-avec-mes-enfants\/#breadcrumb\"},\"inLanguage\":\"fr-FR\",\"potentialAction\":[{\"@type\":\"ReadAction\",\"target\":[\"https:\/\/www.bonhommedebois.com\/blog\/partage-dexperience-vilac-jai-fait-du-jardinage-avec-mes-enfants\/\"]}]},{\"@type\":\"BreadcrumbList\",\"@id\":\"https:\/\/www.bonhommedebois.com\/blog\/partage-dexperience-vilac-jai-fait-du-jardinage-avec-mes-enfants\/#breadcrumb\",\"itemListElement\":[{\"@type\":\"ListItem\",\"position\":1,\"name\":\"Accueil\",\"item\":\"https:\/\/www.bonhommedebois.com\/blog\/\"},{\"@type\":\"ListItem\",\"position\":2,\"name\":\"Partage d&rsquo;exp\u00e9rience Vilac : J&rsquo;ai fait du jardinage avec mes enfants !\"}]},{\"@type\":\"WebSite\",\"@id\":\"https:\/\/www.bonhommedebois.com\/blog\/#website\",\"url\":\"https:\/\/www.bonhommedebois.com\/blog\/\",\"name\":\"Le Blog de Bonhomme De Bois\",\"description\":\"\",\"publisher\":{\"@id\":\"https:\/\/www.bonhommedebois.com\/blog\/#organization\"},\"potentialAction\":[{\"@type\":\"SearchAction\",\"target\":{\"@type\":\"EntryPoint\",\"urlTemplate\":\"https:\/\/www.bonhommedebois.com\/blog\/?s={search_term_string}\"},\"query-input\":\"required name=search_term_string\"}],\"inLanguage\":\"fr-FR\"},{\"@type\":\"Organization\",\"@id\":\"https:\/\/www.bonhommedebois.com\/blog\/#organization\",\"name\":\"Bonhomme De Bois\",\"url\":\"https:\/\/www.bonhommedebois.com\/blog\/\",\"logo\":{\"@type\":\"ImageObject\",\"inLanguage\":\"fr-FR\",\"@id\":\"https:\/\/www.bonhommedebois.com\/blog\/#\/schema\/logo\/image\/\",\"url\":\"https:\/\/www.bonhommedebois.com\/blog\/wp-content\/uploads\/2016\/01\/logo.png\",\"contentUrl\":\"https:\/\/www.bonhommedebois.com\/blog\/wp-content\/uploads\/2016\/01\/logo.png\",\"width\":297,\"height\":51,\"caption\":\"Bonhomme De Bois\"},\"image\":{\"@id\":\"https:\/\/www.bonhommedebois.com\/blog\/#\/schema\/logo\/image\/\"},\"sameAs\":[\"https:\/\/www.facebook.com\/bonhommedeboisofficiel\",\"https:\/\/www.instagram.com\/lebonhommedebois\/?hl=fr\",\"https:\/\/www.youtube.com\/channel\/UCYLCHRVlOsPRaCeGVzePJFQ\"]},{\"@type\":\"Person\",\"@id\":\"https:\/\/www.bonhommedebois.com\/blog\/#\/schema\/person\/c7403083ef5b6812e850166bfb1f89f9\",\"name\":\"Marguerite de Bonhomme de Bois\",\"image\":{\"@type\":\"ImageObject\",\"inLanguage\":\"fr-FR\",\"@id\":\"https:\/\/www.bonhommedebois.com\/blog\/#\/schema\/person\/image\/\",\"url\":\"https:\/\/www.bonhommedebois.com\/blog\/wp-content\/uploads\/2019\/07\/fille-rouge.png\",\"contentUrl\":\"https:\/\/www.bonhommedebois.com\/blog\/wp-content\/uploads\/2019\/07\/fille-rouge.png\",\"caption\":\"Marguerite de Bonhomme de Bois\"},\"description\":\"Sp\u00e9cialis\u00e9e dans la vente de jeux et articles de pu\u00e9riculture, Marguerite apporte de pr\u00e9cieux conseils en respectant les rythmes et les \u00e9tapes des enfants. Aussi blogueuse, d\u00e9couvrez ses articles avec des s\u00e9lections de produits originaux et b\u00e9n\u00e9fiques pour les enfants.\",\"sameAs\":[\"https:\/\/www.bonhommedebois.com\/\"],\"url\":\"https:\/\/www.bonhommedebois.com\/blog\/author\/marguerite-de-bonhomme-de-bois\/\"}]}<\/script>\n<!-- \/ Yoast SEO plugin. -->","yoast_head_json":{"title":"Partage d'exp\u00e9rience Vilac : J'ai fait du jardinage avec mes enfants !","description":"Nos experts ont test\u00e9 pour vous la jolie gamme d\u2019outils de jardinage de Vilac \u203a D\u00e9couvrez leurs verdicts sur notre blog sp\u00e9cialis\u00e9 | Bonhomme de bois","robots":{"index":"index","follow":"follow","max-snippet":"max-snippet:-1","max-image-preview":"max-image-preview:large","max-video-preview":"max-video-preview:-1"},"canonical":"https:\/\/www.bonhommedebois.com\/blog\/partage-dexperience-vilac-jai-fait-du-jardinage-avec-mes-enfants\/","og_locale":"fr_FR","og_type":"article","og_title":"Partage d'exp\u00e9rience Vilac : J'ai fait du jardinage avec mes enfants !","og_description":"Nos experts ont test\u00e9 pour vous la jolie gamme d\u2019outils de jardinage de Vilac \u203a D\u00e9couvrez leurs verdicts sur notre blog sp\u00e9cialis\u00e9 | Bonhomme de bois","og_url":"https:\/\/www.bonhommedebois.com\/blog\/partage-dexperience-vilac-jai-fait-du-jardinage-avec-mes-enfants\/","og_site_name":"Le Blog de Bonhomme De Bois","article_publisher":"https:\/\/www.facebook.com\/bonhommedeboisofficiel","article_published_time":"2017-06-12T07:57:38+00:00","article_modified_time":"2021-12-22T13:59:29+00:00","og_image":[{"width":780,"height":371,"url":"https:\/\/www.bonhommedebois.com\/blog\/wp-content\/uploads\/2017\/06\/outils.png","type":"image\/png"}],"author":"Marguerite de Bonhomme de Bois","twitter_misc":{"\u00c9crit par":"Marguerite de Bonhomme de Bois","Dur\u00e9e de lecture estim\u00e9e":"4 minutes"},"schema":{"@context":"https:\/\/schema.org","@graph":[{"@type":"Article","@id":"https:\/\/www.bonhommedebois.com\/blog\/partage-dexperience-vilac-jai-fait-du-jardinage-avec-mes-enfants\/#article","isPartOf":{"@id":"https:\/\/www.bonhommedebois.com\/blog\/partage-dexperience-vilac-jai-fait-du-jardinage-avec-mes-enfants\/"},"author":{"name":"Marguerite de Bonhomme de Bois","@id":"https:\/\/www.bonhommedebois.com\/blog\/#\/schema\/person\/c7403083ef5b6812e850166bfb1f89f9"},"headline":"Partage d&rsquo;exp\u00e9rience Vilac : J&rsquo;ai fait du jardinage avec mes enfants !","datePublished":"2017-06-12T07:57:38+00:00","dateModified":"2021-12-22T13:59:29+00:00","mainEntityOfPage":{"@id":"https:\/\/www.bonhommedebois.com\/blog\/partage-dexperience-vilac-jai-fait-du-jardinage-avec-mes-enfants\/"},"wordCount":844,"commentCount":1,"publisher":{"@id":"https:\/\/www.bonhommedebois.com\/blog\/#organization"},"articleSection":["3-6 ans","6-12 ans","Mobilit\u00e9 et plein air"],"inLanguage":"fr-FR","potentialAction":[{"@type":"CommentAction","name":"Comment","target":["https:\/\/www.bonhommedebois.com\/blog\/partage-dexperience-vilac-jai-fait-du-jardinage-avec-mes-enfants\/#respond"]}]},{"@type":"WebPage","@id":"https:\/\/www.bonhommedebois.com\/blog\/partage-dexperience-vilac-jai-fait-du-jardinage-avec-mes-enfants\/","url":"https:\/\/www.bonhommedebois.com\/blog\/partage-dexperience-vilac-jai-fait-du-jardinage-avec-mes-enfants\/","name":"Partage d'exp\u00e9rience Vilac : J'ai fait du jardinage avec mes enfants !","isPartOf":{"@id":"https:\/\/www.bonhommedebois.com\/blog\/#website"},"datePublished":"2017-06-12T07:57:38+00:00","dateModified":"2021-12-22T13:59:29+00:00","description":"Nos experts ont test\u00e9 pour vous la jolie gamme d\u2019outils de jardinage de Vilac \u203a D\u00e9couvrez leurs verdicts sur notre blog sp\u00e9cialis\u00e9 | Bonhomme de bois","breadcrumb":{"@id":"https:\/\/www.bonhommedebois.com\/blog\/partage-dexperience-vilac-jai-fait-du-jardinage-avec-mes-enfants\/#breadcrumb"},"inLanguage":"fr-FR","potentialAction":[{"@type":"ReadAction","target":["https:\/\/www.bonhommedebois.com\/blog\/partage-dexperience-vilac-jai-fait-du-jardinage-avec-mes-enfants\/"]}]},{"@type":"BreadcrumbList","@id":"https:\/\/www.bonhommedebois.com\/blog\/partage-dexperience-vilac-jai-fait-du-jardinage-avec-mes-enfants\/#breadcrumb","itemListElement":[{"@type":"ListItem","position":1,"name":"Accueil","item":"https:\/\/www.bonhommedebois.com\/blog\/"},{"@type":"ListItem","position":2,"name":"Partage d&rsquo;exp\u00e9rience Vilac : J&rsquo;ai fait du jardinage avec mes enfants !"}]},{"@type":"WebSite","@id":"https:\/\/www.bonhommedebois.com\/blog\/#website","url":"https:\/\/www.bonhommedebois.com\/blog\/","name":"Le Blog de Bonhomme De Bois","description":"","publisher":{"@id":"https:\/\/www.bonhommedebois.com\/blog\/#organization"},"potentialAction":[{"@type":"SearchAction","target":{"@type":"EntryPoint","urlTemplate":"https:\/\/www.bonhommedebois.com\/blog\/?s={search_term_string}"},"query-input":"required name=search_term_string"}],"inLanguage":"fr-FR"},{"@type":"Organization","@id":"https:\/\/www.bonhommedebois.com\/blog\/#organization","name":"Bonhomme De Bois","url":"https:\/\/www.bonhommedebois.com\/blog\/","logo":{"@type":"ImageObject","inLanguage":"fr-FR","@id":"https:\/\/www.bonhommedebois.com\/blog\/#\/schema\/logo\/image\/","url":"https:\/\/www.bonhommedebois.com\/blog\/wp-content\/uploads\/2016\/01\/logo.png","contentUrl":"https:\/\/www.bonhommedebois.com\/blog\/wp-content\/uploads\/2016\/01\/logo.png","width":297,"height":51,"caption":"Bonhomme De Bois"},"image":{"@id":"https:\/\/www.bonhommedebois.com\/blog\/#\/schema\/logo\/image\/"},"sameAs":["https:\/\/www.facebook.com\/bonhommedeboisofficiel","https:\/\/www.instagram.com\/lebonhommedebois\/?hl=fr","https:\/\/www.youtube.com\/channel\/UCYLCHRVlOsPRaCeGVzePJFQ"]},{"@type":"Person","@id":"https:\/\/www.bonhommedebois.com\/blog\/#\/schema\/person\/c7403083ef5b6812e850166bfb1f89f9","name":"Marguerite de Bonhomme de Bois","image":{"@type":"ImageObject","inLanguage":"fr-FR","@id":"https:\/\/www.bonhommedebois.com\/blog\/#\/schema\/person\/image\/","url":"https:\/\/www.bonhommedebois.com\/blog\/wp-content\/uploads\/2019\/07\/fille-rouge.png","contentUrl":"https:\/\/www.bonhommedebois.com\/blog\/wp-content\/uploads\/2019\/07\/fille-rouge.png","caption":"Marguerite de Bonhomme de Bois"},"description":"Sp\u00e9cialis\u00e9e dans la vente de jeux et articles de pu\u00e9riculture, Marguerite apporte de pr\u00e9cieux conseils en respectant les rythmes et les \u00e9tapes des enfants. Aussi blogueuse, d\u00e9couvrez ses articles avec des s\u00e9lections de produits originaux et b\u00e9n\u00e9fiques pour les enfants.","sameAs":["https:\/\/www.bonhommedebois.com\/"],"url":"https:\/\/www.bonhommedebois.com\/blog\/author\/marguerite-de-bonhomme-de-bois\/"}]}},"_links":{"self":[{"href":"https:\/\/www.bonhommedebois.com\/blog\/wp-json\/wp\/v2\/posts\/1009"}],"collection":[{"href":"https:\/\/www.bonhommedebois.com\/blog\/wp-json\/wp\/v2\/posts"}],"about":[{"href":"https:\/\/www.bonhommedebois.com\/blog\/wp-json\/wp\/v2\/types\/post"}],"author":[{"embeddable":true,"href":"https:\/\/www.bonhommedebois.com\/blog\/wp-json\/wp\/v2\/users\/2"}],"replies":[{"embeddable":true,"href":"https:\/\/www.bonhommedebois.com\/blog\/wp-json\/wp\/v2\/comments?post=1009"}],"version-history":[{"count":21,"href":"https:\/\/www.bonhommedebois.com\/blog\/wp-json\/wp\/v2\/posts\/1009\/revisions"}],"predecessor-version":[{"id":3503,"href":"https:\/\/www.bonhommedebois.com\/blog\/wp-json\/wp\/v2\/posts\/1009\/revisions\/3503"}],"wp:featuredmedia":[{"embeddable":true,"href":"https:\/\/www.bonhommedebois.com\/blog\/wp-json\/wp\/v2\/media\/996"}],"wp:attachment":[{"href":"https:\/\/www.bonhommedebois.com\/blog\/wp-json\/wp\/v2\/media?parent=1009"}],"wp:term":[{"taxonomy":"category","embeddable":true,"href":"https:\/\/www.bonhommedebois.com\/blog\/wp-json\/wp\/v2\/categories?post=1009"},{"taxonomy":"post_tag","embeddable":true,"href":"https:\/\/www.bonhommedebois.com\/blog\/wp-json\/wp\/v2\/tags?post=1009"}],"curies":[{"name":"wp","href":"https:\/\/api.w.org\/{rel}","templated":true}]}}